{"id":4250,"date":"2021-12-10T17:43:22","date_gmt":"2021-12-10T16:43:22","guid":{"rendered":"http:\/\/dhitelfon.com\/?p=4250"},"modified":"2021-12-10T17:43:22","modified_gmt":"2021-12-10T16:43:22","slug":"el-auge-de-la-iluminacion-ambiental-en-los-vehiculos","status":"publish","type":"post","link":"https:\/\/dhitelfon.com\/en\/el-auge-de-la-iluminacion-ambiental-en-los-vehiculos\/","title":{"rendered":"El auge de la iluminaci\u00f3n ambiental en los veh\u00edculos"},"content":{"rendered":"<h4 class=\"new_entry\">La iluminaci\u00f3n interior mediante tecnolog\u00eda led es una de las formas m\u00e1s econ\u00f3micas y sencillas de cambiar la est\u00e9tica del habit\u00e1culo de un veh\u00edculo. Por ello, este tipo de instalaciones se piden cada vez m\u00e1s en los talleres de personalizaci\u00f3n y car audio. En este art\u00edculo repasamos todas las claves de esta tendencia cada vez m\u00e1s consolidada.<\/h4>\n<div class=\"new_text\">\n<p>&nbsp;<\/p>\n<p>&nbsp;<\/p>\n<p><span class=\"RichTextAlignCenter citewrapper\"><img decoding=\"async\" class=\"RichTextAlignCenter\" src=\"https:\/\/12vpersonalcar.com\/upload\/images\/11_2021\/6197_interior-7.jpg\" alt=\"[Img #6873]\" \/><\/span><\/p>\n<\/div>\n<p>&nbsp;<\/p>\n<p>&nbsp;<\/p>\n<p><strong>Ventajas del led<\/strong><br \/>\nLos LED no solo son econ\u00f3micos y eficientes a nivel energ\u00e9tico, sino que tambi\u00e9n son especialmente duraderos. Adem\u00e1s, en su versi\u00f3n RGB (Red Green Blue), son inmejorables en cuanto a la inmensa variedad de colores que ofrecen.<\/p>\n<p>Otra ventaja es que son muy compactos y requieren poco espacio para la instalaci\u00f3n. Adem\u00e1s, emiten poco calor y funcionan igualmente bien a todas las temperaturas. Son ideales para la instalaci\u00f3n en las ranuras del salpicadero o en los recovecos de las puertas. Otras ventajas de los LED es que reaccionan muy r\u00e1pido, brillan aunque haya mucha luz exterior y apenas parpadean.<\/p>\n<p>&nbsp;<\/p>\n<p>&nbsp;<\/p>\n<p><span class=\"RichTextAlignCenter citewrapper\"><img decoding=\"async\" class=\"RichTextAlignCenter\" src=\"https:\/\/12vpersonalcar.com\/upload\/images\/11_2021\/4961_723741_ledambient_pulse_connect_ledint103_ice_blue_interior.jpg\" alt=\"[Img #6872]\" \/><\/span><\/p>\n<p>&nbsp;<\/p>\n<p>&nbsp;<\/p>\n<p><strong>kits completos<\/strong><br \/>\nCrear un sistema de iluminaci\u00f3n que funcione con tiras de LED con material no espec\u00edfico para el veh\u00edculo, por ejemplo procecente de una tienda de bricolaje, requiere mucha habilidad, m\u00e1s de la que tienen la inmensa mayor\u00eda de aficionados. Por ello, recomendamos siempre utilizar kits espec\u00edficos para su instalaci\u00f3n en el veh\u00edculo y acudir a un taller especializado para acometer este tipo de reformas y evitar problemas.<\/p>\n<p>&nbsp;<\/p>\n<p>El sector del accesorio, consciente de la tendencia de la iluminaci\u00f3n LED entre los aficionados, est\u00e1 ofreciendo desde hace algunos a\u00f1os kits espec\u00edficos para personalizar la iluminaci\u00f3n ambiental del interior de cualquier veh\u00edculo. Estos kits facilitan la instalaci\u00f3n y ofrecen adem\u00e1s multitud de opciones de personalizaci\u00f3n. Por lo general, constan de un juego de cables para hacer la conexi\u00f3n, las tiras con la iluminaci\u00f3n LED y un mando a distancia para poder programar las variaciones de color.<\/p>\n<p>&nbsp;<\/p>\n<p>Las tiras de LED se suelen instalar principalmente en el salpicadero, en las puertas y en el techo. Muchos proveedores ofrecen sus kits con una app gratuita a trav\u00e9s de la cual se pueden modificar las tonalidades, variaciones de color, intensidad, brillo, etc.<\/p>\n<p>&nbsp;<\/p>\n<p>&nbsp;<\/p>\n<p><span class=\"RichTextAlignCenter citewrapper\"><img decoding=\"async\" class=\"RichTextAlignCenter\" src=\"https:\/\/12vpersonalcar.com\/upload\/images\/11_2021\/3725_interior-5.jpg\" alt=\"[Img #6874]\" \/><\/span><\/p>\n<div class=\"imagefooterprint\"><\/div>\n<p><strong>Qu\u00e9 dice la Ley<\/strong><\/p>\n<p>A la hora de instalar iluminaci\u00f3n LED interior, hay que tener presente una serie de requisitos para que la reforma no choque con ninguna de las normas actuales de tr\u00e1fico.<\/p>\n<p>En primer lugar, la iluminaci\u00f3n instalada no puede distraer al conductor ni deslumbrarlo. Para evitarlo hay que tener en cuenta la intensidad de la iluminaci\u00f3n. Los kits que se ofrecen en el sector del accesorio iluminan dentro del rango permitido, por lo que si usamos este tipo de kits el conductor no tendr\u00e1 ning\u00fan problema de visibilidad.<\/p>\n<p>Pero adem\u00e1s, como es l\u00f3gico, la iluminaci\u00f3n LED tampoco puede deslumbrar a los dem\u00e1s usuarios de la v\u00eda ni simular o confundirse con ninguna se\u00f1al procedente de veh\u00edculos especiales (luz amarilla, roja o azul pulsante).<\/p>\n<p>&nbsp;<\/p>\n<p>&nbsp;<\/p>\n<p><span class=\"RichTextAlignCenter citewrapper\"><img decoding=\"async\" class=\"RichTextAlignCenter\" src=\"https:\/\/12vpersonalcar.com\/upload\/images\/11_2021\/4256_factory-made-restoration-kit-retrofitting-led-car-interior-lights-aftermarket-led-car-light-auto-parts-app-controlled.jpg\" alt=\"[Img #6876]\" \/><\/span><\/p>\n<div class=\"imagefooterprint\"><cite>Muchos de los kits espec\u00edficos incluyen una app a trav\u00e9s de la cual se puede personalizar la intensidad, brillo y variedad crom\u00e1tica de los LED.<\/cite><\/div>\n<p>Otro de los fen\u00f3menos que hay que evitar es que la iluminaci\u00f3n LED provoque efectos estrobosc\u00f3picos, un tipo de efecto \u00f3ptico que produce una ilusi\u00f3n de movimiento. Ser\u00eda complicado recrear este tipo de efectos con la iluminaci\u00f3n LED, pero no imposible. Por ello, a pesar de la gran variedad de opciones visuales que ofrece la iluminaci\u00f3n LED no est\u00e1 de m\u00e1s fijar cu\u00e1les son sus l\u00edmites.<\/p>\n<p>Adem\u00e1s, tambi\u00e9n es importante evitar los siguientes fallos en el proceso de instalaci\u00f3n: cables colgantes, contactos flojos y uso de luces no permitidas (como por ejemplo, un foco hal\u00f3geno de 500 W).<\/p>\n<p>Siempre que se cumplan los criterios anteriormente descritos, la iluminaci\u00f3n LED interior se puede utilizar tambi\u00e9n durante la conducci\u00f3n.<\/p>\n<p>&nbsp;<\/p>\n<p>&nbsp;<\/p>\n<p><span class=\"RichTextAlignCenter citewrapper\"><img decoding=\"async\" class=\"RichTextAlignCenter\" src=\"https:\/\/12vpersonalcar.com\/upload\/images\/11_2021\/4623_kljdgfjdgf.jpg\" alt=\"[Img #6875]\" \/><\/span><\/p>\n<div class=\"imagefooterprint\">\u00a0<strong>Conexi\u00f3n a la toma de 12v<\/strong><\/div>\n<p>La mayor\u00eda de los kits para iluminaci\u00f3n LED se suministran con un enchufe de conexi\u00f3n para la toma de 12V. Una vez instalado, un mando a distancia o un interruptor adicional regulan la luminosidad o los estados de conmutaci\u00f3n.<\/p>\n<p>Los kits LED m\u00e1s avanzados incluyen prestaciones extra, como por ejemplo el encendido autom\u00e1tico al abrir la puerta; apagado suave tras cerrar la puerta; intensidad de luz total al accionar el mando a distancia en la llave del autom\u00f3vil; y encendido y apagado opcional durante la conducci\u00f3n.<\/p>\n<p>Para conseguir estas funcionalidades se requieren profundos conocimientos t\u00e9cnicos para intervenir en el sistema el\u00e9ctrico del coche, por lo que de nuevo volvemos a aconsejar la importancia de acudir a un profesional para la instalaci\u00f3n de este tipo de iluminaci\u00f3n.<\/p>\n<p>&nbsp;<\/p>\n<p>&nbsp;<\/p>\n<p>&nbsp;<\/p>","protected":false},"excerpt":{"rendered":"<p>La iluminaci\u00f3n interior mediante tecnolog\u00eda led es una de las formas m\u00e1s econ\u00f3micas y sencillas de cambiar la est\u00e9tica del habit\u00e1culo de un veh\u00edculo. Por ello, este tipo de instalaciones se piden cada vez m\u00e1s en los talleres de personalizaci\u00f3n y car audio. En este art\u00edculo repasamos todas las claves de esta tendencia cada vez [&hellip;]<\/p>","protected":false},"author":2,"featured_media":4251,"comment_status":"closed","ping_status":"open","sticky":false,"template":"","format":"standard","meta":{"_monsterinsights_skip_tracking":false,"_monsterinsights_sitenote_active":false,"_monsterinsights_sitenote_note":"","_monsterinsights_sitenote_category":0,"footnotes":""},"categories":[32,42,9],"tags":[],"yoast_head":"<!-- This site is optimized with the Yoast SEO plugin v22.4 - https:\/\/yoast.com\/wordpress\/plugins\/seo\/ -->\n<title>El auge de la iluminaci\u00f3n ambiental en los veh\u00edculos - DHITELfon<\/title>\n<meta name=\"description\" content=\"El auge de la iluminaci\u00f3n ambiental en los veh\u00edculos\" \/>\n<meta name=\"robots\" content=\"index, follow, max-snippet:-1, max-image-preview:large, max-video-preview:-1\" \/>\n<link rel=\"canonical\" href=\"https:\/\/dhitelfon.com\/en\/el-auge-de-la-iluminacion-ambiental-en-los-vehiculos\/\" \/>\n<meta property=\"og:locale\" content=\"en_GB\" \/>\n<meta property=\"og:type\" content=\"article\" \/>\n<meta property=\"og:title\" content=\"El auge de la iluminaci\u00f3n ambiental en los veh\u00edculos - DHITELfon\" \/>\n<meta property=\"og:description\" content=\"El auge de la iluminaci\u00f3n ambiental en los veh\u00edculos\" \/>\n<meta property=\"og:url\" content=\"https:\/\/dhitelfon.com\/en\/el-auge-de-la-iluminacion-ambiental-en-los-vehiculos\/\" \/>\n<meta property=\"og:site_name\" content=\"DHITELfon\" \/>\n<meta property=\"article:published_time\" content=\"2021-12-10T16:43:22+00:00\" \/>\n<meta property=\"og:image\" content=\"https:\/\/dhitelfon.com\/wp-content\/uploads\/2021\/12\/6197_interior-7.jpg\" \/>\n\t<meta property=\"og:image:width\" content=\"654\" \/>\n\t<meta property=\"og:image:height\" content=\"423\" \/>\n\t<meta property=\"og:image:type\" content=\"image\/jpeg\" \/>\n<meta name=\"author\" content=\"Dhitelfon\" \/>\n<meta name=\"twitter:card\" content=\"summary_large_image\" \/>\n<meta name=\"twitter:label1\" content=\"Written by\" \/>\n\t<meta name=\"twitter:data1\" content=\"Dhitelfon\" \/>\n\t<meta name=\"twitter:label2\" content=\"Estimated reading time\" \/>\n\t<meta name=\"twitter:data2\" content=\"4 minutes\" \/>\n<script type=\"application\/ld+json\" class=\"yoast-schema-graph\">{\"@context\":\"https:\/\/schema.org\",\"@graph\":[{\"@type\":\"WebPage\",\"@id\":\"https:\/\/dhitelfon.com\/el-auge-de-la-iluminacion-ambiental-en-los-vehiculos\/\",\"url\":\"https:\/\/dhitelfon.com\/el-auge-de-la-iluminacion-ambiental-en-los-vehiculos\/\",\"name\":\"El auge de la iluminaci\u00f3n ambiental en los veh\u00edculos - DHITELfon\",\"isPartOf\":{\"@id\":\"https:\/\/dhitelfon.com\/#website\"},\"primaryImageOfPage\":{\"@id\":\"https:\/\/dhitelfon.com\/el-auge-de-la-iluminacion-ambiental-en-los-vehiculos\/#primaryimage\"},\"image\":{\"@id\":\"https:\/\/dhitelfon.com\/el-auge-de-la-iluminacion-ambiental-en-los-vehiculos\/#primaryimage\"},\"thumbnailUrl\":\"https:\/\/dhitelfon.com\/wp-content\/uploads\/2021\/12\/6197_interior-7.jpg\",\"datePublished\":\"2021-12-10T16:43:22+00:00\",\"dateModified\":\"2021-12-10T16:43:22+00:00\",\"author\":{\"@id\":\"https:\/\/dhitelfon.com\/#\/schema\/person\/a3af0a1b32d06c6e8f14a46114ea5509\"},\"description\":\"El auge de la iluminaci\u00f3n ambiental en los veh\u00edculos\",\"breadcrumb\":{\"@id\":\"https:\/\/dhitelfon.com\/el-auge-de-la-iluminacion-ambiental-en-los-vehiculos\/#breadcrumb\"},\"inLanguage\":\"en-GB\",\"potentialAction\":[{\"@type\":\"ReadAction\",\"target\":[\"https:\/\/dhitelfon.com\/el-auge-de-la-iluminacion-ambiental-en-los-vehiculos\/\"]}]},{\"@type\":\"ImageObject\",\"inLanguage\":\"en-GB\",\"@id\":\"https:\/\/dhitelfon.com\/el-auge-de-la-iluminacion-ambiental-en-los-vehiculos\/#primaryimage\",\"url\":\"https:\/\/dhitelfon.com\/wp-content\/uploads\/2021\/12\/6197_interior-7.jpg\",\"contentUrl\":\"https:\/\/dhitelfon.com\/wp-content\/uploads\/2021\/12\/6197_interior-7.jpg\",\"width\":654,\"height\":423,\"caption\":\"El auge de la iluminaci\u00f3n ambiental en los veh\u00edculos\"},{\"@type\":\"BreadcrumbList\",\"@id\":\"https:\/\/dhitelfon.com\/el-auge-de-la-iluminacion-ambiental-en-los-vehiculos\/#breadcrumb\",\"itemListElement\":[{\"@type\":\"ListItem\",\"position\":1,\"name\":\"Portada\",\"item\":\"https:\/\/dhitelfon.com\/\"},{\"@type\":\"ListItem\",\"position\":2,\"name\":\"El auge de la iluminaci\u00f3n ambiental en los veh\u00edculos\"}]},{\"@type\":\"WebSite\",\"@id\":\"https:\/\/dhitelfon.com\/#website\",\"url\":\"https:\/\/dhitelfon.com\/\",\"name\":\"DHITELfon\",\"description\":\"20 a\u00f1os de experiencia en el sector de comunicaciones, car audio, sistemas de seguridad para el autom\u00f3vil, sistemas de entretenimiento para el veh\u00edculo como tambi\u00e9n mayoristas de las mejores marcas. Centro instalador con taller propio\",\"potentialAction\":[{\"@type\":\"SearchAction\",\"target\":{\"@type\":\"EntryPoint\",\"urlTemplate\":\"https:\/\/dhitelfon.com\/?s={search_term_string}\"},\"query-input\":\"required name=search_term_string\"}],\"inLanguage\":\"en-GB\"},{\"@type\":\"Person\",\"@id\":\"https:\/\/dhitelfon.com\/#\/schema\/person\/a3af0a1b32d06c6e8f14a46114ea5509\",\"name\":\"Dhitelfon\",\"image\":{\"@type\":\"ImageObject\",\"inLanguage\":\"en-GB\",\"@id\":\"https:\/\/dhitelfon.com\/#\/schema\/person\/image\/\",\"url\":\"https:\/\/secure.gravatar.com\/avatar\/0107775308edc8de8d97206ddaa5c1bb?s=96&d=mm&r=g\",\"contentUrl\":\"https:\/\/secure.gravatar.com\/avatar\/0107775308edc8de8d97206ddaa5c1bb?s=96&d=mm&r=g\",\"caption\":\"Dhitelfon\"},\"sameAs\":[\"http:\/\/dhitelfon.com\"],\"url\":\"https:\/\/dhitelfon.com\/en\/author\/dhitelfon\/\"}]}<\/script>\n<!-- \/ Yoast SEO plugin. -->","yoast_head_json":{"title":"El auge de la iluminaci\u00f3n ambiental en los veh\u00edculos - DHITELfon","description":"El auge de la iluminaci\u00f3n ambiental en los veh\u00edculos","robots":{"index":"index","follow":"follow","max-snippet":"max-snippet:-1","max-image-preview":"max-image-preview:large","max-video-preview":"max-video-preview:-1"},"canonical":"https:\/\/dhitelfon.com\/en\/el-auge-de-la-iluminacion-ambiental-en-los-vehiculos\/","og_locale":"en_GB","og_type":"article","og_title":"El auge de la iluminaci\u00f3n ambiental en los veh\u00edculos - DHITELfon","og_description":"El auge de la iluminaci\u00f3n ambiental en los veh\u00edculos","og_url":"https:\/\/dhitelfon.com\/en\/el-auge-de-la-iluminacion-ambiental-en-los-vehiculos\/","og_site_name":"DHITELfon","article_published_time":"2021-12-10T16:43:22+00:00","og_image":[{"width":654,"height":423,"url":"https:\/\/dhitelfon.com\/wp-content\/uploads\/2021\/12\/6197_interior-7.jpg","type":"image\/jpeg"}],"author":"Dhitelfon","twitter_card":"summary_large_image","twitter_misc":{"Written by":"Dhitelfon","Estimated reading time":"4 minutes"},"schema":{"@context":"https:\/\/schema.org","@graph":[{"@type":"WebPage","@id":"https:\/\/dhitelfon.com\/el-auge-de-la-iluminacion-ambiental-en-los-vehiculos\/","url":"https:\/\/dhitelfon.com\/el-auge-de-la-iluminacion-ambiental-en-los-vehiculos\/","name":"El auge de la iluminaci\u00f3n ambiental en los veh\u00edculos - DHITELfon","isPartOf":{"@id":"https:\/\/dhitelfon.com\/#website"},"primaryImageOfPage":{"@id":"https:\/\/dhitelfon.com\/el-auge-de-la-iluminacion-ambiental-en-los-vehiculos\/#primaryimage"},"image":{"@id":"https:\/\/dhitelfon.com\/el-auge-de-la-iluminacion-ambiental-en-los-vehiculos\/#primaryimage"},"thumbnailUrl":"https:\/\/dhitelfon.com\/wp-content\/uploads\/2021\/12\/6197_interior-7.jpg","datePublished":"2021-12-10T16:43:22+00:00","dateModified":"2021-12-10T16:43:22+00:00","author":{"@id":"https:\/\/dhitelfon.com\/#\/schema\/person\/a3af0a1b32d06c6e8f14a46114ea5509"},"description":"El auge de la iluminaci\u00f3n ambiental en los veh\u00edculos","breadcrumb":{"@id":"https:\/\/dhitelfon.com\/el-auge-de-la-iluminacion-ambiental-en-los-vehiculos\/#breadcrumb"},"inLanguage":"en-GB","potentialAction":[{"@type":"ReadAction","target":["https:\/\/dhitelfon.com\/el-auge-de-la-iluminacion-ambiental-en-los-vehiculos\/"]}]},{"@type":"ImageObject","inLanguage":"en-GB","@id":"https:\/\/dhitelfon.com\/el-auge-de-la-iluminacion-ambiental-en-los-vehiculos\/#primaryimage","url":"https:\/\/dhitelfon.com\/wp-content\/uploads\/2021\/12\/6197_interior-7.jpg","contentUrl":"https:\/\/dhitelfon.com\/wp-content\/uploads\/2021\/12\/6197_interior-7.jpg","width":654,"height":423,"caption":"El auge de la iluminaci\u00f3n ambiental en los veh\u00edculos"},{"@type":"BreadcrumbList","@id":"https:\/\/dhitelfon.com\/el-auge-de-la-iluminacion-ambiental-en-los-vehiculos\/#breadcrumb","itemListElement":[{"@type":"ListItem","position":1,"name":"Portada","item":"https:\/\/dhitelfon.com\/"},{"@type":"ListItem","position":2,"name":"El auge de la iluminaci\u00f3n ambiental en los veh\u00edculos"}]},{"@type":"WebSite","@id":"https:\/\/dhitelfon.com\/#website","url":"https:\/\/dhitelfon.com\/","name":"DHITELfon","description":"20 a\u00f1os de experiencia en el sector de comunicaciones, car audio, sistemas de seguridad para el autom\u00f3vil, sistemas de entretenimiento para el veh\u00edculo como tambi\u00e9n mayoristas de las mejores marcas. Centro instalador con taller propio","potentialAction":[{"@type":"SearchAction","target":{"@type":"EntryPoint","urlTemplate":"https:\/\/dhitelfon.com\/?s={search_term_string}"},"query-input":"required name=search_term_string"}],"inLanguage":"en-GB"},{"@type":"Person","@id":"https:\/\/dhitelfon.com\/#\/schema\/person\/a3af0a1b32d06c6e8f14a46114ea5509","name":"Dhitelfon","image":{"@type":"ImageObject","inLanguage":"en-GB","@id":"https:\/\/dhitelfon.com\/#\/schema\/person\/image\/","url":"https:\/\/secure.gravatar.com\/avatar\/0107775308edc8de8d97206ddaa5c1bb?s=96&d=mm&r=g","contentUrl":"https:\/\/secure.gravatar.com\/avatar\/0107775308edc8de8d97206ddaa5c1bb?s=96&d=mm&r=g","caption":"Dhitelfon"},"sameAs":["http:\/\/dhitelfon.com"],"url":"https:\/\/dhitelfon.com\/en\/author\/dhitelfon\/"}]}},"_links":{"self":[{"href":"https:\/\/dhitelfon.com\/en\/wp-json\/wp\/v2\/posts\/4250"}],"collection":[{"href":"https:\/\/dhitelfon.com\/en\/wp-json\/wp\/v2\/posts"}],"about":[{"href":"https:\/\/dhitelfon.com\/en\/wp-json\/wp\/v2\/types\/post"}],"author":[{"embeddable":true,"href":"https:\/\/dhitelfon.com\/en\/wp-json\/wp\/v2\/users\/2"}],"replies":[{"embeddable":true,"href":"https:\/\/dhitelfon.com\/en\/wp-json\/wp\/v2\/comments?post=4250"}],"version-history":[{"count":1,"href":"https:\/\/dhitelfon.com\/en\/wp-json\/wp\/v2\/posts\/4250\/revisions"}],"predecessor-version":[{"id":4252,"href":"https:\/\/dhitelfon.com\/en\/wp-json\/wp\/v2\/posts\/4250\/revisions\/4252"}],"wp:featuredmedia":[{"embeddable":true,"href":"https:\/\/dhitelfon.com\/en\/wp-json\/wp\/v2\/media\/4251"}],"wp:attachment":[{"href":"https:\/\/dhitelfon.com\/en\/wp-json\/wp\/v2\/media?parent=4250"}],"wp:term":[{"taxonomy":"category","embeddable":true,"href":"https:\/\/dhitelfon.com\/en\/wp-json\/wp\/v2\/categories?post=4250"},{"taxonomy":"post_tag","embeddable":true,"href":"https:\/\/dhitelfon.com\/en\/wp-json\/wp\/v2\/tags?post=4250"}],"curies":[{"name":"wp","href":"https:\/\/api.w.org\/{rel}","templated":true}]}}