{"id":3307,"date":"2018-04-07T13:03:14","date_gmt":"2018-04-07T12:03:14","guid":{"rendered":"http:\/\/dhitelfon.com\/?p=3307"},"modified":"2018-04-07T13:04:53","modified_gmt":"2018-04-07T12:04:53","slug":"velolaser-el-nuevo-mini-radar-movil-de-la-dgt","status":"publish","type":"post","link":"https:\/\/dhitelfon.com\/en\/velolaser-el-nuevo-mini-radar-movil-de-la-dgt\/","title":{"rendered":"Velolaser, el nuevo mini radar m\u00f3vil de la DGT"},"content":{"rendered":"<div id=\"TEXTO_NOTICIA\" class=\"TEXTO_PARRAFO\">\n<p class=\"entradilla\">La Direcci\u00f3n General de Tr\u00e1fico ha adquirido 60 radares Velolaser, capaces de controlar veh\u00edculos hasta 250 km\/h, dos carriles de circulaci\u00f3n y la distancia de seguridad entre coches. Su principal particularidad es que son muy peque\u00f1os y dif\u00edciles de detectar.<\/p>\n<\/div>\n<div id=\"TEXTO_NOTICIA\" class=\"TEXTO_PARRAFO\">\n<p><img decoding=\"async\" id=\"IMAGEN_INSERTADA_5028\" class=\"RichTextAlignLeft\" title=\"\" src=\"http:\/\/12voltiosdigital.com\/upload\/img\/periodico\/img_5028.jpg\" alt=\"[Img #5028]\" \/>Estos nuevos radares est\u00e1n pensados para ser transportados a bordo de las motos de los agentes, los cuales podr\u00e1n instalarlos sobre un tr\u00edpode (que apenas mide metro y medio de alto) o anclados al guardarrail. Tambi\u00e9n se pueden montar sobre una estructura elevada, como un p\u00f3rtico, o en una cabina lateral. Todo ello, en apenas un minuto por lo que la patrulla de Guardia Civil no tendr\u00e1 que situarse junto al dispositivo.<\/p>\n<p>&nbsp;<\/p>\n<p><strong>Primeras pruebas<\/strong><br \/>\nLa DGT est\u00e1 llevando a cabo las primeras pruebas en carretera y, en cualquiera de las dos posiciones, ser\u00e1 muy dif\u00edcil detectarlos de forma visual. No as\u00ed para los detectores m\u00e1s avanzados que tengan la capacidad de detectar a los radares con tecnolog\u00eda l\u00e1ser, que es el sistema que usa Velolaser para detectar la velocidad de los veh\u00edculos.<br \/>\nLos nuevos radares est\u00e1n preparados para diferenciar entre veh\u00edculos pesados y ligeros; y funcionan adecuadamente tanto de d\u00eda como de noche gracias a un iluminador nocturno infrarrojo que se vende de manera opcional. Cuando detecta que un vehiculo sobrepasa los l\u00edmites de velocidad establecidos almacena autom\u00e1ticamente las dos fotograf\u00edas m\u00e1s id\u00f3neas para ser adjuntadas a la documentaci\u00f3n de la infracci\u00f3n.<br \/>\nEl manejo se puede llevar a cabo desde cualquier dispositivo m\u00f3vil con conexi\u00f3n wi-fi o 3G\/4G y est\u00e1n pensados para obtener mejores resultados en \u00e1reas urbanas sensibles (zona 30, colegios, parques, zonas infantiles, etc).<br \/>\nSe desconoce, por el momento, cu\u00e1ndo comenzar\u00e1n a operar de forma oficial.<\/p>\n<p>&nbsp;<\/p>\n<p>&nbsp;<\/p>\n<p><img decoding=\"async\" id=\"IMAGEN_INSERTADA_5027\" class=\"RichTextAlignCenter\" title=\"\" src=\"http:\/\/12voltiosdigital.com\/upload\/img\/periodico\/img_5027.jpg\" alt=\"[Img #5027]\" \/><\/p>\n<p>&nbsp;<\/p>\n<p>&nbsp;<\/p>\n<\/div>","protected":false},"excerpt":{"rendered":"<p>La Direcci\u00f3n General de Tr\u00e1fico ha adquirido 60 radares Velolaser, capaces de controlar veh\u00edculos hasta 250 km\/h, dos carriles de circulaci\u00f3n y la distancia de seguridad entre coches. Su principal particularidad es que son muy peque\u00f1os y dif\u00edciles de detectar. Estos nuevos radares est\u00e1n pensados para ser transportados a bordo de las motos de los [&hellip;]<\/p>","protected":false},"author":2,"featured_media":3310,"comment_status":"closed","ping_status":"open","sticky":false,"template":"","format":"standard","meta":{"_monsterinsights_skip_tracking":false,"_monsterinsights_sitenote_active":false,"_monsterinsights_sitenote_note":"","_monsterinsights_sitenote_category":0,"footnotes":""},"categories":[16],"tags":[],"yoast_head":"<!-- This site is optimized with the Yoast SEO plugin v22.4 - https:\/\/yoast.com\/wordpress\/plugins\/seo\/ -->\n<title>Velolaser, el nuevo mini radar m\u00f3vil de la DGT - DHITELfon<\/title>\n<meta name=\"description\" content=\"Velolaser, el nuevo mini radar m\u00f3vil de la DGT\" \/>\n<meta name=\"robots\" content=\"index, follow, max-snippet:-1, max-image-preview:large, max-video-preview:-1\" \/>\n<link rel=\"canonical\" href=\"https:\/\/dhitelfon.com\/en\/velolaser-el-nuevo-mini-radar-movil-de-la-dgt\/\" \/>\n<meta property=\"og:locale\" content=\"en_GB\" \/>\n<meta property=\"og:type\" content=\"article\" \/>\n<meta property=\"og:title\" content=\"Velolaser, el nuevo mini radar m\u00f3vil de la DGT - DHITELfon\" \/>\n<meta property=\"og:description\" content=\"Velolaser, el nuevo mini radar m\u00f3vil de la DGT\" \/>\n<meta property=\"og:url\" content=\"https:\/\/dhitelfon.com\/en\/velolaser-el-nuevo-mini-radar-movil-de-la-dgt\/\" \/>\n<meta property=\"og:site_name\" content=\"DHITELfon\" \/>\n<meta property=\"article:published_time\" content=\"2018-04-07T12:03:14+00:00\" \/>\n<meta property=\"article:modified_time\" content=\"2018-04-07T12:04:53+00:00\" \/>\n<meta property=\"og:image\" content=\"https:\/\/dhitelfon.com\/wp-content\/uploads\/2018\/04\/img_5028.jpg\" \/>\n\t<meta property=\"og:image:width\" content=\"293\" \/>\n\t<meta property=\"og:image:height\" content=\"432\" \/>\n\t<meta property=\"og:image:type\" content=\"image\/jpeg\" \/>\n<meta name=\"author\" content=\"Dhitelfon\" \/>\n<meta name=\"twitter:card\" content=\"summary_large_image\" \/>\n<meta name=\"twitter:label1\" content=\"Written by\" \/>\n\t<meta name=\"twitter:data1\" content=\"Dhitelfon\" \/>\n\t<meta name=\"twitter:label2\" content=\"Estimated reading time\" \/>\n\t<meta name=\"twitter:data2\" content=\"2 minutes\" \/>\n<script type=\"application\/ld+json\" class=\"yoast-schema-graph\">{\"@context\":\"https:\/\/schema.org\",\"@graph\":[{\"@type\":\"WebPage\",\"@id\":\"https:\/\/dhitelfon.com\/velolaser-el-nuevo-mini-radar-movil-de-la-dgt\/\",\"url\":\"https:\/\/dhitelfon.com\/velolaser-el-nuevo-mini-radar-movil-de-la-dgt\/\",\"name\":\"Velolaser, el nuevo mini radar m\u00f3vil de la DGT - DHITELfon\",\"isPartOf\":{\"@id\":\"https:\/\/dhitelfon.com\/#website\"},\"primaryImageOfPage\":{\"@id\":\"https:\/\/dhitelfon.com\/velolaser-el-nuevo-mini-radar-movil-de-la-dgt\/#primaryimage\"},\"image\":{\"@id\":\"https:\/\/dhitelfon.com\/velolaser-el-nuevo-mini-radar-movil-de-la-dgt\/#primaryimage\"},\"thumbnailUrl\":\"https:\/\/dhitelfon.com\/wp-content\/uploads\/2018\/04\/img_5028.jpg\",\"datePublished\":\"2018-04-07T12:03:14+00:00\",\"dateModified\":\"2018-04-07T12:04:53+00:00\",\"author\":{\"@id\":\"https:\/\/dhitelfon.com\/#\/schema\/person\/a3af0a1b32d06c6e8f14a46114ea5509\"},\"description\":\"Velolaser, el nuevo mini radar m\u00f3vil de la DGT\",\"breadcrumb\":{\"@id\":\"https:\/\/dhitelfon.com\/velolaser-el-nuevo-mini-radar-movil-de-la-dgt\/#breadcrumb\"},\"inLanguage\":\"en-GB\",\"potentialAction\":[{\"@type\":\"ReadAction\",\"target\":[\"https:\/\/dhitelfon.com\/velolaser-el-nuevo-mini-radar-movil-de-la-dgt\/\"]}]},{\"@type\":\"ImageObject\",\"inLanguage\":\"en-GB\",\"@id\":\"https:\/\/dhitelfon.com\/velolaser-el-nuevo-mini-radar-movil-de-la-dgt\/#primaryimage\",\"url\":\"https:\/\/dhitelfon.com\/wp-content\/uploads\/2018\/04\/img_5028.jpg\",\"contentUrl\":\"https:\/\/dhitelfon.com\/wp-content\/uploads\/2018\/04\/img_5028.jpg\",\"width\":293,\"height\":432,\"caption\":\"Velolaser, el nuevo mini radar m\u00f3vil de la DGT\"},{\"@type\":\"BreadcrumbList\",\"@id\":\"https:\/\/dhitelfon.com\/velolaser-el-nuevo-mini-radar-movil-de-la-dgt\/#breadcrumb\",\"itemListElement\":[{\"@type\":\"ListItem\",\"position\":1,\"name\":\"Portada\",\"item\":\"https:\/\/dhitelfon.com\/\"},{\"@type\":\"ListItem\",\"position\":2,\"name\":\"Velolaser, el nuevo mini radar m\u00f3vil de la DGT\"}]},{\"@type\":\"WebSite\",\"@id\":\"https:\/\/dhitelfon.com\/#website\",\"url\":\"https:\/\/dhitelfon.com\/\",\"name\":\"DHITELfon\",\"description\":\"20 a\u00f1os de experiencia en el sector de comunicaciones, car audio, sistemas de seguridad para el autom\u00f3vil, sistemas de entretenimiento para el veh\u00edculo como tambi\u00e9n mayoristas de las mejores marcas. Centro instalador con taller propio\",\"potentialAction\":[{\"@type\":\"SearchAction\",\"target\":{\"@type\":\"EntryPoint\",\"urlTemplate\":\"https:\/\/dhitelfon.com\/?s={search_term_string}\"},\"query-input\":\"required name=search_term_string\"}],\"inLanguage\":\"en-GB\"},{\"@type\":\"Person\",\"@id\":\"https:\/\/dhitelfon.com\/#\/schema\/person\/a3af0a1b32d06c6e8f14a46114ea5509\",\"name\":\"Dhitelfon\",\"image\":{\"@type\":\"ImageObject\",\"inLanguage\":\"en-GB\",\"@id\":\"https:\/\/dhitelfon.com\/#\/schema\/person\/image\/\",\"url\":\"https:\/\/secure.gravatar.com\/avatar\/0107775308edc8de8d97206ddaa5c1bb?s=96&d=mm&r=g\",\"contentUrl\":\"https:\/\/secure.gravatar.com\/avatar\/0107775308edc8de8d97206ddaa5c1bb?s=96&d=mm&r=g\",\"caption\":\"Dhitelfon\"},\"sameAs\":[\"http:\/\/dhitelfon.com\"],\"url\":\"https:\/\/dhitelfon.com\/en\/author\/dhitelfon\/\"}]}<\/script>\n<!-- \/ Yoast SEO plugin. -->","yoast_head_json":{"title":"Velolaser, el nuevo mini radar m\u00f3vil de la DGT - DHITELfon","description":"Velolaser, el nuevo mini radar m\u00f3vil de la DGT","robots":{"index":"index","follow":"follow","max-snippet":"max-snippet:-1","max-image-preview":"max-image-preview:large","max-video-preview":"max-video-preview:-1"},"canonical":"https:\/\/dhitelfon.com\/en\/velolaser-el-nuevo-mini-radar-movil-de-la-dgt\/","og_locale":"en_GB","og_type":"article","og_title":"Velolaser, el nuevo mini radar m\u00f3vil de la DGT - DHITELfon","og_description":"Velolaser, el nuevo mini radar m\u00f3vil de la DGT","og_url":"https:\/\/dhitelfon.com\/en\/velolaser-el-nuevo-mini-radar-movil-de-la-dgt\/","og_site_name":"DHITELfon","article_published_time":"2018-04-07T12:03:14+00:00","article_modified_time":"2018-04-07T12:04:53+00:00","og_image":[{"width":293,"height":432,"url":"https:\/\/dhitelfon.com\/wp-content\/uploads\/2018\/04\/img_5028.jpg","type":"image\/jpeg"}],"author":"Dhitelfon","twitter_card":"summary_large_image","twitter_misc":{"Written by":"Dhitelfon","Estimated reading time":"2 minutes"},"schema":{"@context":"https:\/\/schema.org","@graph":[{"@type":"WebPage","@id":"https:\/\/dhitelfon.com\/velolaser-el-nuevo-mini-radar-movil-de-la-dgt\/","url":"https:\/\/dhitelfon.com\/velolaser-el-nuevo-mini-radar-movil-de-la-dgt\/","name":"Velolaser, el nuevo mini radar m\u00f3vil de la DGT - DHITELfon","isPartOf":{"@id":"https:\/\/dhitelfon.com\/#website"},"primaryImageOfPage":{"@id":"https:\/\/dhitelfon.com\/velolaser-el-nuevo-mini-radar-movil-de-la-dgt\/#primaryimage"},"image":{"@id":"https:\/\/dhitelfon.com\/velolaser-el-nuevo-mini-radar-movil-de-la-dgt\/#primaryimage"},"thumbnailUrl":"https:\/\/dhitelfon.com\/wp-content\/uploads\/2018\/04\/img_5028.jpg","datePublished":"2018-04-07T12:03:14+00:00","dateModified":"2018-04-07T12:04:53+00:00","author":{"@id":"https:\/\/dhitelfon.com\/#\/schema\/person\/a3af0a1b32d06c6e8f14a46114ea5509"},"description":"Velolaser, el nuevo mini radar m\u00f3vil de la DGT","breadcrumb":{"@id":"https:\/\/dhitelfon.com\/velolaser-el-nuevo-mini-radar-movil-de-la-dgt\/#breadcrumb"},"inLanguage":"en-GB","potentialAction":[{"@type":"ReadAction","target":["https:\/\/dhitelfon.com\/velolaser-el-nuevo-mini-radar-movil-de-la-dgt\/"]}]},{"@type":"ImageObject","inLanguage":"en-GB","@id":"https:\/\/dhitelfon.com\/velolaser-el-nuevo-mini-radar-movil-de-la-dgt\/#primaryimage","url":"https:\/\/dhitelfon.com\/wp-content\/uploads\/2018\/04\/img_5028.jpg","contentUrl":"https:\/\/dhitelfon.com\/wp-content\/uploads\/2018\/04\/img_5028.jpg","width":293,"height":432,"caption":"Velolaser, el nuevo mini radar m\u00f3vil de la DGT"},{"@type":"BreadcrumbList","@id":"https:\/\/dhitelfon.com\/velolaser-el-nuevo-mini-radar-movil-de-la-dgt\/#breadcrumb","itemListElement":[{"@type":"ListItem","position":1,"name":"Portada","item":"https:\/\/dhitelfon.com\/"},{"@type":"ListItem","position":2,"name":"Velolaser, el nuevo mini radar m\u00f3vil de la DGT"}]},{"@type":"WebSite","@id":"https:\/\/dhitelfon.com\/#website","url":"https:\/\/dhitelfon.com\/","name":"DHITELfon","description":"20 a\u00f1os de experiencia en el sector de comunicaciones, car audio, sistemas de seguridad para el autom\u00f3vil, sistemas de entretenimiento para el veh\u00edculo como tambi\u00e9n mayoristas de las mejores marcas. Centro instalador con taller propio","potentialAction":[{"@type":"SearchAction","target":{"@type":"EntryPoint","urlTemplate":"https:\/\/dhitelfon.com\/?s={search_term_string}"},"query-input":"required name=search_term_string"}],"inLanguage":"en-GB"},{"@type":"Person","@id":"https:\/\/dhitelfon.com\/#\/schema\/person\/a3af0a1b32d06c6e8f14a46114ea5509","name":"Dhitelfon","image":{"@type":"ImageObject","inLanguage":"en-GB","@id":"https:\/\/dhitelfon.com\/#\/schema\/person\/image\/","url":"https:\/\/secure.gravatar.com\/avatar\/0107775308edc8de8d97206ddaa5c1bb?s=96&d=mm&r=g","contentUrl":"https:\/\/secure.gravatar.com\/avatar\/0107775308edc8de8d97206ddaa5c1bb?s=96&d=mm&r=g","caption":"Dhitelfon"},"sameAs":["http:\/\/dhitelfon.com"],"url":"https:\/\/dhitelfon.com\/en\/author\/dhitelfon\/"}]}},"_links":{"self":[{"href":"https:\/\/dhitelfon.com\/en\/wp-json\/wp\/v2\/posts\/3307"}],"collection":[{"href":"https:\/\/dhitelfon.com\/en\/wp-json\/wp\/v2\/posts"}],"about":[{"href":"https:\/\/dhitelfon.com\/en\/wp-json\/wp\/v2\/types\/post"}],"author":[{"embeddable":true,"href":"https:\/\/dhitelfon.com\/en\/wp-json\/wp\/v2\/users\/2"}],"replies":[{"embeddable":true,"href":"https:\/\/dhitelfon.com\/en\/wp-json\/wp\/v2\/comments?post=3307"}],"version-history":[{"count":2,"href":"https:\/\/dhitelfon.com\/en\/wp-json\/wp\/v2\/posts\/3307\/revisions"}],"predecessor-version":[{"id":3309,"href":"https:\/\/dhitelfon.com\/en\/wp-json\/wp\/v2\/posts\/3307\/revisions\/3309"}],"wp:featuredmedia":[{"embeddable":true,"href":"https:\/\/dhitelfon.com\/en\/wp-json\/wp\/v2\/media\/3310"}],"wp:attachment":[{"href":"https:\/\/dhitelfon.com\/en\/wp-json\/wp\/v2\/media?parent=3307"}],"wp:term":[{"taxonomy":"category","embeddable":true,"href":"https:\/\/dhitelfon.com\/en\/wp-json\/wp\/v2\/categories?post=3307"},{"taxonomy":"post_tag","embeddable":true,"href":"https:\/\/dhitelfon.com\/en\/wp-json\/wp\/v2\/tags?post=3307"}],"curies":[{"name":"wp","href":"https:\/\/api.w.org\/{rel}","templated":true}]}}