{"id":3135,"date":"2018-03-17T11:05:20","date_gmt":"2018-03-17T10:05:20","guid":{"rendered":"http:\/\/dhitelfon.com\/?p=3135"},"modified":"2018-03-17T11:05:20","modified_gmt":"2018-03-17T10:05:20","slug":"los-nuevos-mini-radares-de-la-dgt-comenzaran-multar-en-semana-santa","status":"publish","type":"post","link":"https:\/\/dhitelfon.com\/en\/los-nuevos-mini-radares-de-la-dgt-comenzaran-multar-en-semana-santa\/","title":{"rendered":"Los nuevos \u00abmini radares\u00bb de la DGT comenzar\u00e1n a multar en Semana Santa"},"content":{"rendered":"<p>&nbsp;<\/p>\n<figure id=\"attachment_3136\" aria-describedby=\"caption-attachment-3136\" style=\"width: 660px\" class=\"wp-caption alignnone\"><a href=\"http:\/\/dhitelfon.com\/wp-content\/uploads\/2018\/03\/1366_2000-2.jpg\"><img fetchpriority=\"high\" decoding=\"async\" class=\"size-full wp-image-3136\" src=\"http:\/\/dhitelfon.com\/wp-content\/uploads\/2018\/03\/1366_2000-2.jpg\" alt=\"Los nuevos &quot;mini radares&quot; de la DGT comenzar\u00e1n a multar en Semana Santa\" width=\"660\" height=\"416\" srcset=\"https:\/\/dhitelfon.com\/wp-content\/uploads\/2018\/03\/1366_2000-2.jpg 660w, https:\/\/dhitelfon.com\/wp-content\/uploads\/2018\/03\/1366_2000-2-300x189.jpg 300w\" sizes=\"(max-width: 660px) 100vw, 660px\" \/><\/a><figcaption id=\"caption-attachment-3136\" class=\"wp-caption-text\">Los nuevos \u00abmini radares\u00bb de la DGT comenzar\u00e1n a multar en Semana Santa<\/figcaption><\/figure>\n<p>Ya conoc\u00edamos la nueva remesa de\u00a0<strong>\u00abmini radares\u00bb Velolaser<\/strong>\u00a0que la\u00a0<strong>DGT<\/strong>\u00a0ha sumado a sus filas pero nos faltaba el cuando empezar\u00edan a multar. Pues no van a tardar en hacerlo: concretamente, la mitad estar\u00e1 operativa en apenas quince d\u00edas, cuando comience la\u00a0<strong>\u00abOperaci\u00f3n Salida\u00bb de Semana Santa<\/strong>.<\/p>\n<p>Era de esperar que la gran puesta de largo de los nuevos\u00a0<strong>radares de \u00faltima generaci\u00f3n Velolaser<\/strong>\u00a0que\u00a0<a href=\"https:\/\/www.motorpasion.com\/seguridad\/los-nuevos-radares-de-trafico-son-tan-pequenos-que-se-colocan-como-una-lapa-en-las-barreras-de-la-carretera\">adquir\u00eda hace varios d\u00edas la DGT<\/a>\u00a0tuviese lugar en\u00a0<strong>Semana Santa<\/strong>. No en vano, es hist\u00f3ricamente un bar\u00f3metro clave en estad\u00edsticas de siniestralidad debido a su alta concentraci\u00f3n de desplazamientos.<\/p>\n<p>Son varios los medios que ya han confirmado que la fase de pruebas de estos dispositivos est\u00e1 cerca de concluirse, por lo que estar\u00e1n plenamente operativos y listos para multar en\u00a0<strong>Semana Santa<\/strong>.<\/p>\n<h2>30 radares Velolaser se estrenar\u00e1n en Semana Santa<\/h2>\n<div class=\"article-asset-image article-asset-normal\">\n<div class=\"asset-content\"><img decoding=\"async\" class=\"centro_sinmarco\" src=\"https:\/\/i.blogs.es\/ddf24c\/1366_2000\/450_1000.jpg\" srcset=\"https:\/\/i.blogs.es\/ddf24c\/1366_2000\/450_1000.jpg 450w, https:\/\/i.blogs.es\/ddf24c\/1366_2000\/650_1200.jpg 681w, https:\/\/i.blogs.es\/ddf24c\/1366_2000\/1024_2000.jpg 1024w, https:\/\/i.blogs.es\/ddf24c\/1366_2000\/1366_2000.jpg 1366w\" alt=\"1366 2000\" data-sf-srcset=\"https:\/\/i.blogs.es\/ddf24c\/1366_2000\/450_1000.jpg 450w, https:\/\/i.blogs.es\/ddf24c\/1366_2000\/650_1200.jpg 681w, https:\/\/i.blogs.es\/ddf24c\/1366_2000\/1024_2000.jpg 1024w, https:\/\/i.blogs.es\/ddf24c\/1366_2000\/1366_2000.jpg 1366w\" data-sf-src=\"https:\/\/i.blogs.es\/ddf24c\/1366_2000\/450_1000.jpg\" \/><\/div>\n<\/div>\n<p><a href=\"http:\/\/www.eleconomista.es\/ecomotor\/motor\/noticias\/9003543\/03\/18\/Velolaser-los-nuevo-mini-radares-portatiles-de-la-DGT-comenzaran-a-operar-en-Semana-Santa.html\">Seg\u00fan publica Ecomotor<\/a>, el Heraldo de Arag\u00f3n ha confirmado que \u00fanicamente\u00a0<strong>30<\/strong>\u00a0de los 60\u00a0<strong>radares Velolaser<\/strong>\u00a0adquiridos por Tr\u00e1fico estar\u00e1n operativos: la mitad restante estar\u00e1 en las carreteras espa\u00f1olas entre abril y mayo.<\/p>\n<p>Los nuevos \u00ab<strong>mini radares<\/strong>\u00bb de la\u00a0<strong>DGT<\/strong>\u00a0se sumar\u00e1n al m\u00e1s de un millar de radares ya existes, as\u00ed como al radar a\u00e9reo Pegasus, para controlar la velocidad de los coches en los m\u00e1s de 14 millones de desplazamientos que est\u00e1n previstos durante las vacaciones de Semana Santa.<\/p>\n<p>Con esta nueva incorporaci\u00f3n Tr\u00e1fico pretende reducir a\u00fan m\u00e1s las cifras de siniestralidad de este periodo vacacional: en 2017 registraron el \u00edndice m\u00e1s bajo de los \u00faltimos cuatro a\u00f1os con 29 fallecidos. Para ello, la\u00a0<strong>DGT<\/strong>\u00a0asegura que los peque\u00f1os\u00a0<strong>Velolaser<\/strong>\u00a0se colocar\u00e1n especialmente en\u00a0<strong>puntos negros<\/strong>.<\/p>\n<h2>Peque\u00f1os y muy eficientes<\/h2>\n<div class=\"article-asset-image article-asset-normal\">\n<div class=\"asset-content\"><img decoding=\"async\" class=\"centro_sinmarco\" src=\"https:\/\/i.blogs.es\/5bd85b\/policia\/450_1000.jpg\" srcset=\"https:\/\/i.blogs.es\/5bd85b\/policia\/450_1000.jpg 450w, https:\/\/i.blogs.es\/5bd85b\/policia\/650_1200.jpg 681w, https:\/\/i.blogs.es\/5bd85b\/policia\/1024_2000.jpg 1024w, https:\/\/i.blogs.es\/5bd85b\/policia\/1366_2000.jpg 1366w\" alt=\"Policia\" data-sf-srcset=\"https:\/\/i.blogs.es\/5bd85b\/policia\/450_1000.jpg 450w, https:\/\/i.blogs.es\/5bd85b\/policia\/650_1200.jpg 681w, https:\/\/i.blogs.es\/5bd85b\/policia\/1024_2000.jpg 1024w, https:\/\/i.blogs.es\/5bd85b\/policia\/1366_2000.jpg 1366w\" data-sf-src=\"https:\/\/i.blogs.es\/5bd85b\/policia\/450_1000.jpg\" \/><\/div>\n<\/div>\n<p>Recordemos que estos\u00a0<strong>compactos radares<\/strong>\u00a0de apenas 50 cm de altura, debido a su reducido tama\u00f1o, pueden instalarse en los guardarra\u00edles, as\u00ed como en coches o motos de la\u00a0<strong>Guardia Civil de Tr\u00e1fico<\/strong>\u00a0y p\u00f3rticos o cabinas laterales tal y como ya ocurre con dispositivos m\u00f3viles o fijos.<\/p>\n<p>Otra de sus ventajas es que prescinden de cableado: funcionan con una bater\u00eda que dura hasta cinco horas. Adem\u00e1s, pueden ser gestionados desde un m\u00f3vil o una tablet: mediante conexi\u00f3n WiFi o 3G\/4G arrojan en tiempo real la imagen que recibe su c\u00e1mara a estos dispositivos en un radio de 50 metros.<\/p>\n<ol>\n<li>Los\u00a0<strong>radares compactos Veloster<\/strong>\u00a0controlan hasta dos carriles de circulaci\u00f3n y detectan hasta 250 km\/h a una distancia de entre 15 y 50 metros. Asimismo, son tan efectivos tanto de d\u00eda como de noche.<\/li>\n<\/ol>","protected":false},"excerpt":{"rendered":"<p>&nbsp; Ya conoc\u00edamos la nueva remesa de\u00a0\u00abmini radares\u00bb Velolaser\u00a0que la\u00a0DGT\u00a0ha sumado a sus filas pero nos faltaba el cuando empezar\u00edan a multar. Pues no van a tardar en hacerlo: concretamente, la mitad estar\u00e1 operativa en apenas quince d\u00edas, cuando comience la\u00a0\u00abOperaci\u00f3n Salida\u00bb de Semana Santa. Era de esperar que la gran puesta de largo de [&hellip;]<\/p>","protected":false},"author":2,"featured_media":0,"comment_status":"closed","ping_status":"open","sticky":false,"template":"","format":"standard","meta":{"_monsterinsights_skip_tracking":false,"_monsterinsights_sitenote_active":false,"_monsterinsights_sitenote_note":"","_monsterinsights_sitenote_category":0,"footnotes":""},"categories":[16],"tags":[],"yoast_head":"<!-- This site is optimized with the Yoast SEO plugin v22.4 - https:\/\/yoast.com\/wordpress\/plugins\/seo\/ -->\n<title>Los nuevos &quot;mini radares&quot; de la DGT comenzar\u00e1n a multar en Semana Santa - DHITELfon<\/title>\n<meta name=\"description\" content=\"Los nuevos &quot;mini radares&quot; de la DGT comenzar\u00e1n a multar en Semana Santa\" \/>\n<meta name=\"robots\" content=\"index, follow, max-snippet:-1, max-image-preview:large, max-video-preview:-1\" \/>\n<link rel=\"canonical\" href=\"https:\/\/dhitelfon.com\/en\/los-nuevos-mini-radares-de-la-dgt-comenzaran-multar-en-semana-santa\/\" \/>\n<meta property=\"og:locale\" content=\"en_GB\" \/>\n<meta property=\"og:type\" content=\"article\" \/>\n<meta property=\"og:title\" content=\"Los nuevos &quot;mini radares&quot; de la DGT comenzar\u00e1n a multar en Semana Santa - DHITELfon\" \/>\n<meta property=\"og:description\" content=\"Los nuevos &quot;mini radares&quot; de la DGT comenzar\u00e1n a multar en Semana Santa\" \/>\n<meta property=\"og:url\" content=\"https:\/\/dhitelfon.com\/en\/los-nuevos-mini-radares-de-la-dgt-comenzaran-multar-en-semana-santa\/\" \/>\n<meta property=\"og:site_name\" content=\"DHITELfon\" \/>\n<meta property=\"article:published_time\" content=\"2018-03-17T10:05:20+00:00\" \/>\n<meta property=\"og:image\" content=\"http:\/\/dhitelfon.com\/wp-content\/uploads\/2018\/03\/1366_2000-2.jpg\" \/>\n<meta name=\"author\" content=\"Dhitelfon\" \/>\n<meta name=\"twitter:card\" content=\"summary_large_image\" \/>\n<meta name=\"twitter:label1\" content=\"Written by\" \/>\n\t<meta name=\"twitter:data1\" content=\"Dhitelfon\" \/>\n\t<meta name=\"twitter:label2\" content=\"Estimated reading time\" \/>\n\t<meta name=\"twitter:data2\" content=\"2 minutes\" \/>\n<script type=\"application\/ld+json\" class=\"yoast-schema-graph\">{\"@context\":\"https:\/\/schema.org\",\"@graph\":[{\"@type\":\"WebPage\",\"@id\":\"https:\/\/dhitelfon.com\/los-nuevos-mini-radares-de-la-dgt-comenzaran-multar-en-semana-santa\/\",\"url\":\"https:\/\/dhitelfon.com\/los-nuevos-mini-radares-de-la-dgt-comenzaran-multar-en-semana-santa\/\",\"name\":\"Los nuevos \\\"mini radares\\\" de la DGT comenzar\u00e1n a multar en Semana Santa - DHITELfon\",\"isPartOf\":{\"@id\":\"https:\/\/dhitelfon.com\/#website\"},\"primaryImageOfPage\":{\"@id\":\"https:\/\/dhitelfon.com\/los-nuevos-mini-radares-de-la-dgt-comenzaran-multar-en-semana-santa\/#primaryimage\"},\"image\":{\"@id\":\"https:\/\/dhitelfon.com\/los-nuevos-mini-radares-de-la-dgt-comenzaran-multar-en-semana-santa\/#primaryimage\"},\"thumbnailUrl\":\"http:\/\/dhitelfon.com\/wp-content\/uploads\/2018\/03\/1366_2000-2.jpg\",\"datePublished\":\"2018-03-17T10:05:20+00:00\",\"dateModified\":\"2018-03-17T10:05:20+00:00\",\"author\":{\"@id\":\"https:\/\/dhitelfon.com\/#\/schema\/person\/a3af0a1b32d06c6e8f14a46114ea5509\"},\"description\":\"Los nuevos \\\"mini radares\\\" de la DGT comenzar\u00e1n a multar en Semana Santa\",\"breadcrumb\":{\"@id\":\"https:\/\/dhitelfon.com\/los-nuevos-mini-radares-de-la-dgt-comenzaran-multar-en-semana-santa\/#breadcrumb\"},\"inLanguage\":\"en-GB\",\"potentialAction\":[{\"@type\":\"ReadAction\",\"target\":[\"https:\/\/dhitelfon.com\/los-nuevos-mini-radares-de-la-dgt-comenzaran-multar-en-semana-santa\/\"]}]},{\"@type\":\"ImageObject\",\"inLanguage\":\"en-GB\",\"@id\":\"https:\/\/dhitelfon.com\/los-nuevos-mini-radares-de-la-dgt-comenzaran-multar-en-semana-santa\/#primaryimage\",\"url\":\"http:\/\/dhitelfon.com\/wp-content\/uploads\/2018\/03\/1366_2000-2.jpg\",\"contentUrl\":\"http:\/\/dhitelfon.com\/wp-content\/uploads\/2018\/03\/1366_2000-2.jpg\"},{\"@type\":\"BreadcrumbList\",\"@id\":\"https:\/\/dhitelfon.com\/los-nuevos-mini-radares-de-la-dgt-comenzaran-multar-en-semana-santa\/#breadcrumb\",\"itemListElement\":[{\"@type\":\"ListItem\",\"position\":1,\"name\":\"Portada\",\"item\":\"https:\/\/dhitelfon.com\/\"},{\"@type\":\"ListItem\",\"position\":2,\"name\":\"Los nuevos \u00abmini radares\u00bb de la DGT comenzar\u00e1n a multar en Semana Santa\"}]},{\"@type\":\"WebSite\",\"@id\":\"https:\/\/dhitelfon.com\/#website\",\"url\":\"https:\/\/dhitelfon.com\/\",\"name\":\"DHITELfon\",\"description\":\"20 a\u00f1os de experiencia en el sector de comunicaciones, car audio, sistemas de seguridad para el autom\u00f3vil, sistemas de entretenimiento para el veh\u00edculo como tambi\u00e9n mayoristas de las mejores marcas. Centro instalador con taller propio\",\"potentialAction\":[{\"@type\":\"SearchAction\",\"target\":{\"@type\":\"EntryPoint\",\"urlTemplate\":\"https:\/\/dhitelfon.com\/?s={search_term_string}\"},\"query-input\":\"required name=search_term_string\"}],\"inLanguage\":\"en-GB\"},{\"@type\":\"Person\",\"@id\":\"https:\/\/dhitelfon.com\/#\/schema\/person\/a3af0a1b32d06c6e8f14a46114ea5509\",\"name\":\"Dhitelfon\",\"image\":{\"@type\":\"ImageObject\",\"inLanguage\":\"en-GB\",\"@id\":\"https:\/\/dhitelfon.com\/#\/schema\/person\/image\/\",\"url\":\"https:\/\/secure.gravatar.com\/avatar\/0107775308edc8de8d97206ddaa5c1bb?s=96&d=mm&r=g\",\"contentUrl\":\"https:\/\/secure.gravatar.com\/avatar\/0107775308edc8de8d97206ddaa5c1bb?s=96&d=mm&r=g\",\"caption\":\"Dhitelfon\"},\"sameAs\":[\"http:\/\/dhitelfon.com\"],\"url\":\"https:\/\/dhitelfon.com\/en\/author\/dhitelfon\/\"}]}<\/script>\n<!-- \/ Yoast SEO plugin. -->","yoast_head_json":{"title":"Los nuevos \"mini radares\" de la DGT comenzar\u00e1n a multar en Semana Santa - DHITELfon","description":"Los nuevos \"mini radares\" de la DGT comenzar\u00e1n a multar en Semana Santa","robots":{"index":"index","follow":"follow","max-snippet":"max-snippet:-1","max-image-preview":"max-image-preview:large","max-video-preview":"max-video-preview:-1"},"canonical":"https:\/\/dhitelfon.com\/en\/los-nuevos-mini-radares-de-la-dgt-comenzaran-multar-en-semana-santa\/","og_locale":"en_GB","og_type":"article","og_title":"Los nuevos \"mini radares\" de la DGT comenzar\u00e1n a multar en Semana Santa - DHITELfon","og_description":"Los nuevos \"mini radares\" de la DGT comenzar\u00e1n a multar en Semana Santa","og_url":"https:\/\/dhitelfon.com\/en\/los-nuevos-mini-radares-de-la-dgt-comenzaran-multar-en-semana-santa\/","og_site_name":"DHITELfon","article_published_time":"2018-03-17T10:05:20+00:00","og_image":[{"url":"http:\/\/dhitelfon.com\/wp-content\/uploads\/2018\/03\/1366_2000-2.jpg"}],"author":"Dhitelfon","twitter_card":"summary_large_image","twitter_misc":{"Written by":"Dhitelfon","Estimated reading time":"2 minutes"},"schema":{"@context":"https:\/\/schema.org","@graph":[{"@type":"WebPage","@id":"https:\/\/dhitelfon.com\/los-nuevos-mini-radares-de-la-dgt-comenzaran-multar-en-semana-santa\/","url":"https:\/\/dhitelfon.com\/los-nuevos-mini-radares-de-la-dgt-comenzaran-multar-en-semana-santa\/","name":"Los nuevos \"mini radares\" de la DGT comenzar\u00e1n a multar en Semana Santa - DHITELfon","isPartOf":{"@id":"https:\/\/dhitelfon.com\/#website"},"primaryImageOfPage":{"@id":"https:\/\/dhitelfon.com\/los-nuevos-mini-radares-de-la-dgt-comenzaran-multar-en-semana-santa\/#primaryimage"},"image":{"@id":"https:\/\/dhitelfon.com\/los-nuevos-mini-radares-de-la-dgt-comenzaran-multar-en-semana-santa\/#primaryimage"},"thumbnailUrl":"http:\/\/dhitelfon.com\/wp-content\/uploads\/2018\/03\/1366_2000-2.jpg","datePublished":"2018-03-17T10:05:20+00:00","dateModified":"2018-03-17T10:05:20+00:00","author":{"@id":"https:\/\/dhitelfon.com\/#\/schema\/person\/a3af0a1b32d06c6e8f14a46114ea5509"},"description":"Los nuevos \"mini radares\" de la DGT comenzar\u00e1n a multar en Semana Santa","breadcrumb":{"@id":"https:\/\/dhitelfon.com\/los-nuevos-mini-radares-de-la-dgt-comenzaran-multar-en-semana-santa\/#breadcrumb"},"inLanguage":"en-GB","potentialAction":[{"@type":"ReadAction","target":["https:\/\/dhitelfon.com\/los-nuevos-mini-radares-de-la-dgt-comenzaran-multar-en-semana-santa\/"]}]},{"@type":"ImageObject","inLanguage":"en-GB","@id":"https:\/\/dhitelfon.com\/los-nuevos-mini-radares-de-la-dgt-comenzaran-multar-en-semana-santa\/#primaryimage","url":"http:\/\/dhitelfon.com\/wp-content\/uploads\/2018\/03\/1366_2000-2.jpg","contentUrl":"http:\/\/dhitelfon.com\/wp-content\/uploads\/2018\/03\/1366_2000-2.jpg"},{"@type":"BreadcrumbList","@id":"https:\/\/dhitelfon.com\/los-nuevos-mini-radares-de-la-dgt-comenzaran-multar-en-semana-santa\/#breadcrumb","itemListElement":[{"@type":"ListItem","position":1,"name":"Portada","item":"https:\/\/dhitelfon.com\/"},{"@type":"ListItem","position":2,"name":"Los nuevos \u00abmini radares\u00bb de la DGT comenzar\u00e1n a multar en Semana Santa"}]},{"@type":"WebSite","@id":"https:\/\/dhitelfon.com\/#website","url":"https:\/\/dhitelfon.com\/","name":"DHITELfon","description":"20 a\u00f1os de experiencia en el sector de comunicaciones, car audio, sistemas de seguridad para el autom\u00f3vil, sistemas de entretenimiento para el veh\u00edculo como tambi\u00e9n mayoristas de las mejores marcas. Centro instalador con taller propio","potentialAction":[{"@type":"SearchAction","target":{"@type":"EntryPoint","urlTemplate":"https:\/\/dhitelfon.com\/?s={search_term_string}"},"query-input":"required name=search_term_string"}],"inLanguage":"en-GB"},{"@type":"Person","@id":"https:\/\/dhitelfon.com\/#\/schema\/person\/a3af0a1b32d06c6e8f14a46114ea5509","name":"Dhitelfon","image":{"@type":"ImageObject","inLanguage":"en-GB","@id":"https:\/\/dhitelfon.com\/#\/schema\/person\/image\/","url":"https:\/\/secure.gravatar.com\/avatar\/0107775308edc8de8d97206ddaa5c1bb?s=96&d=mm&r=g","contentUrl":"https:\/\/secure.gravatar.com\/avatar\/0107775308edc8de8d97206ddaa5c1bb?s=96&d=mm&r=g","caption":"Dhitelfon"},"sameAs":["http:\/\/dhitelfon.com"],"url":"https:\/\/dhitelfon.com\/en\/author\/dhitelfon\/"}]}},"_links":{"self":[{"href":"https:\/\/dhitelfon.com\/en\/wp-json\/wp\/v2\/posts\/3135"}],"collection":[{"href":"https:\/\/dhitelfon.com\/en\/wp-json\/wp\/v2\/posts"}],"about":[{"href":"https:\/\/dhitelfon.com\/en\/wp-json\/wp\/v2\/types\/post"}],"author":[{"embeddable":true,"href":"https:\/\/dhitelfon.com\/en\/wp-json\/wp\/v2\/users\/2"}],"replies":[{"embeddable":true,"href":"https:\/\/dhitelfon.com\/en\/wp-json\/wp\/v2\/comments?post=3135"}],"version-history":[{"count":1,"href":"https:\/\/dhitelfon.com\/en\/wp-json\/wp\/v2\/posts\/3135\/revisions"}],"predecessor-version":[{"id":3137,"href":"https:\/\/dhitelfon.com\/en\/wp-json\/wp\/v2\/posts\/3135\/revisions\/3137"}],"wp:attachment":[{"href":"https:\/\/dhitelfon.com\/en\/wp-json\/wp\/v2\/media?parent=3135"}],"wp:term":[{"taxonomy":"category","embeddable":true,"href":"https:\/\/dhitelfon.com\/en\/wp-json\/wp\/v2\/categories?post=3135"},{"taxonomy":"post_tag","embeddable":true,"href":"https:\/\/dhitelfon.com\/en\/wp-json\/wp\/v2\/tags?post=3135"}],"curies":[{"name":"wp","href":"https:\/\/api.w.org\/{rel}","templated":true}]}}