{"id":3128,"date":"2018-03-16T19:54:29","date_gmt":"2018-03-16T18:54:29","guid":{"rendered":"http:\/\/dhitelfon.com\/?p=3128"},"modified":"2018-03-16T19:54:29","modified_gmt":"2018-03-16T18:54:29","slug":"mercedes-benz-presenta-su-nuevo-sistema-multimedia-en-el-ces-2018-y-lo-estrenara-el-nuevo-clase","status":"publish","type":"post","link":"https:\/\/dhitelfon.com\/en\/mercedes-benz-presenta-su-nuevo-sistema-multimedia-en-el-ces-2018-y-lo-estrenara-el-nuevo-clase\/","title":{"rendered":"Mercedes-Benz presenta su nuevo sistema multimedia en el CES 2018, y lo estrenar\u00e1 el nuevo Clase A"},"content":{"rendered":"<figure id=\"attachment_3129\" aria-describedby=\"caption-attachment-3129\" style=\"width: 1334px\" class=\"wp-caption alignnone\"><a href=\"http:\/\/dhitelfon.com\/wp-content\/uploads\/2018\/03\/1366_20003.jpg\"><img fetchpriority=\"high\" decoding=\"async\" class=\"size-full wp-image-3129\" src=\"http:\/\/dhitelfon.com\/wp-content\/uploads\/2018\/03\/1366_20003.jpg\" alt=\"Mercedes-Benz presenta su nuevo sistema multimedia en el CES 2018, y lo estrenar\u00e1 el nuevo Clase A\" width=\"1334\" height=\"1000\" srcset=\"https:\/\/dhitelfon.com\/wp-content\/uploads\/2018\/03\/1366_20003.jpg 1334w, https:\/\/dhitelfon.com\/wp-content\/uploads\/2018\/03\/1366_20003-300x225.jpg 300w, https:\/\/dhitelfon.com\/wp-content\/uploads\/2018\/03\/1366_20003-1024x768.jpg 1024w\" sizes=\"(max-width: 1334px) 100vw, 1334px\" \/><\/a><figcaption id=\"caption-attachment-3129\" class=\"wp-caption-text\">Mercedes-Benz presenta su nuevo sistema multimedia en el CES 2018, y lo estrenar\u00e1 el nuevo Clase A<\/figcaption><\/figure>\n<p>Lo que la propia marca denomina una \u00abrevoluci\u00f3n en el habit\u00e1culo\u00bb se llama\u00a0<strong>MBUX<\/strong>\u00a0(Mercedes-Benz User Experience) y se trata de un\u00a0<strong>sistema multimedia de nueva generaci\u00f3n<\/strong>\u00a0para los modelos de la marca alemana, que estrenar\u00e1 primero la familia de compactos, empezando por el\u00a0<a href=\"https:\/\/www.motorpasion.com\/mercedes\/mercedes-benz-clase-a-2018-primeras-impresiones-del-interior\">Clase A 2018<\/a>.<\/p>\n<p>Entre las novedades m\u00e1s interesantes de este nuevo sistema de infoentretenimiento destacan la interfaz de nuevo dise\u00f1o, el uso de\u00a0<strong>inteligencia artificial<\/strong>, el concepto de control eminentemente t\u00e1ctil, nuevas funciones en materia de conectividad,\u00a0<strong>realidad aumentada<\/strong>\u00a0o la posibilidad de realizar\u00a0<strong>actualizaciones autom\u00e1ticas<\/strong>\u00a0del sistema como hace por ejemplo Tesla.<\/p>\n<p>MBUX es una de las bases de la\u00a0<strong>estrategia de futuro<\/strong>\u00a0(y presente)\u00a0<a href=\"https:\/\/www.motorpasion.com\/mercedes\/entrevista-axel-harries-case-shanghai\">CASE de Mercedes-Benz<\/a>, de la que ya hemos hablado en otras ocasiones, y que contempla cuatro pilares b\u00e1sicos: conectividad, conducci\u00f3n aut\u00f3noma, coche compartido y electrificaci\u00f3n.<\/p>\n<div class=\"article-asset-image article-asset-large\">\n<div class=\"asset-content\"><img decoding=\"async\" class=\"centro_sinmarco\" src=\"https:\/\/i.blogs.es\/ba4f14\/17c850_31\/450_1000.jpg\" srcset=\"https:\/\/i.blogs.es\/ba4f14\/17c850_31\/450_1000.jpg 450w, https:\/\/i.blogs.es\/ba4f14\/17c850_31\/650_1200.jpg 681w, https:\/\/i.blogs.es\/ba4f14\/17c850_31\/1024_2000.jpg 1024w, https:\/\/i.blogs.es\/ba4f14\/17c850_31\/1366_2000.jpg 1366w\" alt=\"Mercedes-Benz presenta su nuevo sistema multimedia en el CES 2018, y lo estrenar\u00e1 el nuevo Clase A\" data-sf-srcset=\"https:\/\/i.blogs.es\/ba4f14\/17c850_31\/450_1000.jpg 450w, https:\/\/i.blogs.es\/ba4f14\/17c850_31\/650_1200.jpg 681w, https:\/\/i.blogs.es\/ba4f14\/17c850_31\/1024_2000.jpg 1024w, https:\/\/i.blogs.es\/ba4f14\/17c850_31\/1366_2000.jpg 1366w\" data-sf-src=\"https:\/\/i.blogs.es\/ba4f14\/17c850_31\/450_1000.jpg\" \/><\/div>\n<\/div>\n<div class=\"article-asset-image article-asset-large\">\n<div class=\"asset-content\"><img decoding=\"async\" class=\"centro_sinmarco\" src=\"https:\/\/i.blogs.es\/82537d\/17c850_22\/450_1000.jpg\" srcset=\"https:\/\/i.blogs.es\/82537d\/17c850_22\/450_1000.jpg 450w, https:\/\/i.blogs.es\/82537d\/17c850_22\/650_1200.jpg 681w, https:\/\/i.blogs.es\/82537d\/17c850_22\/1024_2000.jpg 1024w, https:\/\/i.blogs.es\/82537d\/17c850_22\/1366_2000.jpg 1366w\" alt=\"Mercedes-Benz presenta su nuevo sistema multimedia en el CES 2018, y lo estrenar\u00e1 el nuevo Clase A\" data-sf-srcset=\"https:\/\/i.blogs.es\/82537d\/17c850_22\/450_1000.jpg 450w, https:\/\/i.blogs.es\/82537d\/17c850_22\/650_1200.jpg 681w, https:\/\/i.blogs.es\/82537d\/17c850_22\/1024_2000.jpg 1024w, https:\/\/i.blogs.es\/82537d\/17c850_22\/1366_2000.jpg 1366w\" data-sf-src=\"https:\/\/i.blogs.es\/82537d\/17c850_22\/450_1000.jpg\" \/><\/div>\n<\/div>\n<h2>Pantalla ahora t\u00e1ctil y totalmente personalizable<\/h2>\n<p>El cuadro de instrumentos digital, compuesto por pantallas de\u00a0<strong>7 \u00f3 10 pulgadas<\/strong>seg\u00fan el nivel de acabado, cuenta ahora con\u00a0<strong>tres capas o niveles de informaci\u00f3n<\/strong>. La primera es la pantalla de inicio, con datos principales de conducci\u00f3n, tel\u00e9fono, navegaci\u00f3n y m\u00fasica, pero un paso m\u00e1s all\u00e1 se puede acceder a cada uno de esos sistemas m\u00e1s en detalle, y a su vez a submen\u00fas.<\/p>\n<p>Como hasta ahora, el aspecto del panel de instrumentos se puede\u00a0<strong>personalizar<\/strong>al gusto del usuario. Hay tres modos disponibles:\u00a0<strong>Modern Classic<\/strong>,\u00a0<strong>Sport<\/strong>\u00a0y\u00a0<strong>Understated<\/strong>\u00a0(\u00e9ste \u00faltimo con la informaci\u00f3n reducida a lo estrictamente esencial). En cualquier caso, todo es configurable y la selecci\u00f3n de cada usuario (luz ambiental, posici\u00f3n del asiento, radio favorita, orientaci\u00f3n del mapa, etc&#8230;) se puede guardar en un\u00a0<strong>perfil<\/strong>\u00a0para recuperar r\u00e1pidamente tus preferencias si el coche lo utilizan varias personas.<\/p>\n<p>La esfera izquierda puede mostrar el veloc\u00edmetro, un reloj anal\u00f3gico, datos de viaje o autonom\u00eda, o informaci\u00f3n sobre la m\u00fasica, mientras que la esfera derecha puede presentar un cuentavueltas, gr\u00e1ficos de asistencia, datos de consumo, display ECO o el mapa de la navegaci\u00f3n. Tambi\u00e9n hay un modo\u00a0<strong>pantalla completa<\/strong>\u00a0en la que todo el cuadro muestra datos de navegaci\u00f3n, ruta o asistencia.<\/p>\n<div class=\"article-asset-image article-asset-large\">\n<div class=\"asset-content\"><img decoding=\"async\" class=\"centro_sinmarco\" src=\"https:\/\/i.blogs.es\/87eb5e\/18c0001_115\/450_1000.jpg\" srcset=\"https:\/\/i.blogs.es\/87eb5e\/18c0001_115\/450_1000.jpg 450w, https:\/\/i.blogs.es\/87eb5e\/18c0001_115\/650_1200.jpg 681w, https:\/\/i.blogs.es\/87eb5e\/18c0001_115\/1024_2000.jpg 1024w, https:\/\/i.blogs.es\/87eb5e\/18c0001_115\/1366_2000.jpg 1366w\" alt=\"Mercedes-Benz presenta su nuevo sistema multimedia en el CES 2018, y lo estrenar\u00e1 el nuevo Clase A\" data-sf-srcset=\"https:\/\/i.blogs.es\/87eb5e\/18c0001_115\/450_1000.jpg 450w, https:\/\/i.blogs.es\/87eb5e\/18c0001_115\/650_1200.jpg 681w, https:\/\/i.blogs.es\/87eb5e\/18c0001_115\/1024_2000.jpg 1024w, https:\/\/i.blogs.es\/87eb5e\/18c0001_115\/1366_2000.jpg 1366w\" data-sf-src=\"https:\/\/i.blogs.es\/87eb5e\/18c0001_115\/450_1000.jpg\" \/><\/div>\n<\/div>\n<div class=\"article-asset-image article-asset-large\">\n<div class=\"asset-content\"><img decoding=\"async\" class=\"centro_sinmarco\" src=\"https:\/\/i.blogs.es\/7d9969\/17c850_28\/450_1000.jpg\" srcset=\"https:\/\/i.blogs.es\/7d9969\/17c850_28\/450_1000.jpg 450w, https:\/\/i.blogs.es\/7d9969\/17c850_28\/650_1200.jpg 681w, https:\/\/i.blogs.es\/7d9969\/17c850_28\/1024_2000.jpg 1024w, https:\/\/i.blogs.es\/7d9969\/17c850_28\/1366_2000.jpg 1366w\" alt=\"Mercedes-Benz presenta su nuevo sistema multimedia en el CES 2018, y lo estrenar\u00e1 el nuevo Clase A\" data-sf-srcset=\"https:\/\/i.blogs.es\/7d9969\/17c850_28\/450_1000.jpg 450w, https:\/\/i.blogs.es\/7d9969\/17c850_28\/650_1200.jpg 681w, https:\/\/i.blogs.es\/7d9969\/17c850_28\/1024_2000.jpg 1024w, https:\/\/i.blogs.es\/7d9969\/17c850_28\/1366_2000.jpg 1366w\" data-sf-src=\"https:\/\/i.blogs.es\/7d9969\/17c850_28\/450_1000.jpg\" \/><\/div>\n<\/div>\n<p>Los gr\u00e1ficos\u00a0<strong>Nvidia<\/strong>(con chips NVIDIA Reilly PX y NVIDIA Parker 128, CPU de 6 n\u00facleos y 8GB de RAM DDR4) permiten im\u00e1genes animadas en 3D y\u00a0<strong>la pantalla es ahora t\u00e1ctil<\/strong>\u00a0(la derecha) y capacitiva como en un\u00a0<em>smartphone<\/em>\u00a0(permite rotar, aumentar y disminuir el zoom pellizcando, etc&#8230;). Cada una de las dos pantallas tambi\u00e9n se controlan individualmente desde los dos\u00a0<strong>mandos t\u00e1ctiles del volante<\/strong>(uno en cada lado), como en los \u00faltimos modelos de la casa.<\/p>\n<h2>Control por voz: \u00a1Hey Mercedes!<\/h2>\n<p>La marca de Stuttgart anuncia un sistema de reconocimiento de voz mejorado, activado ahora con decir \u00abHey Mercedes\u00bb (o a trav\u00e9s del bot\u00f3n correspondiente del volante) y que\u00a0<strong>reconoce un lenguaje m\u00e1s natural<\/strong>, sin necesidad de que el usuario se ci\u00f1a a comandos previamente fijados. Si quieres activar la calefacci\u00f3n, basta con decir \u00abtengo fr\u00edo\u00bb, en lugar de la temperatura a fijar.<\/p>\n<p>Como ejemplo, Mercedes-Benz asegura que el Linguatronic del coche es capaz de entender muy diversas formas de preguntar las cosas. As\u00ed pues,\u00a0<strong>la m\u00e1quina se adapta a t\u00ed y no al rev\u00e9s<\/strong>. Por ejemplo, dar\u00e1 igual decir \u00ab\u00bfHar\u00e1 sol ma\u00f1ana en Miami?\u00bb que \u00ab\u00bfNecesitar\u00e9 gafas de sol en Miami ma\u00f1ana?\u00bb. El resultado que facilite el sistema ser\u00e1 el mismo, aunque ahora utilizar\u00e1 diversas formas para el mensaje. No ser\u00e1 siempre el mismo, para entendernos.<\/p>\n<div class=\"article-asset-image article-asset-large\">\n<div class=\"asset-content\"><img decoding=\"async\" class=\"centro_sinmarco\" src=\"https:\/\/i.blogs.es\/0c45c8\/17c850_27\/450_1000.jpg\" srcset=\"https:\/\/i.blogs.es\/0c45c8\/17c850_27\/450_1000.jpg 450w, https:\/\/i.blogs.es\/0c45c8\/17c850_27\/650_1200.jpg 681w, https:\/\/i.blogs.es\/0c45c8\/17c850_27\/1024_2000.jpg 1024w, https:\/\/i.blogs.es\/0c45c8\/17c850_27\/1366_2000.jpg 1366w\" alt=\"Mercedes-Benz presenta su nuevo sistema multimedia en el CES 2018, y lo estrenar\u00e1 el nuevo Clase A\" data-sf-srcset=\"https:\/\/i.blogs.es\/0c45c8\/17c850_27\/450_1000.jpg 450w, https:\/\/i.blogs.es\/0c45c8\/17c850_27\/650_1200.jpg 681w, https:\/\/i.blogs.es\/0c45c8\/17c850_27\/1024_2000.jpg 1024w, https:\/\/i.blogs.es\/0c45c8\/17c850_27\/1366_2000.jpg 1366w\" data-sf-src=\"https:\/\/i.blogs.es\/0c45c8\/17c850_27\/450_1000.jpg\" \/><\/div>\n<\/div>\n<div class=\"article-asset-image article-asset-large\">\n<div class=\"asset-content\"><img decoding=\"async\" class=\"centro_sinmarco\" src=\"https:\/\/i.blogs.es\/08ff80\/17c850_32\/450_1000.jpg\" srcset=\"https:\/\/i.blogs.es\/08ff80\/17c850_32\/450_1000.jpg 450w, https:\/\/i.blogs.es\/08ff80\/17c850_32\/650_1200.jpg 681w, https:\/\/i.blogs.es\/08ff80\/17c850_32\/1024_2000.jpg 1024w, https:\/\/i.blogs.es\/08ff80\/17c850_32\/1366_2000.jpg 1366w\" alt=\"Mercedes-Benz presenta su nuevo sistema multimedia en el CES 2018, y lo estrenar\u00e1 el nuevo Clase A\" data-sf-srcset=\"https:\/\/i.blogs.es\/08ff80\/17c850_32\/450_1000.jpg 450w, https:\/\/i.blogs.es\/08ff80\/17c850_32\/650_1200.jpg 681w, https:\/\/i.blogs.es\/08ff80\/17c850_32\/1024_2000.jpg 1024w, https:\/\/i.blogs.es\/08ff80\/17c850_32\/1366_2000.jpg 1366w\" data-sf-src=\"https:\/\/i.blogs.es\/08ff80\/17c850_32\/450_1000.jpg\" \/><\/div>\n<\/div>\n<h2>Mejoras en \u00abMercedes me connect\u00bb<\/h2>\n<p>Los\u00a0<strong>servicios conectados<\/strong>\u00a0de la marca tambi\u00e9n se han mejorado, con funcionalidades como navegaci\u00f3n conectada a las infraestructuras (Car-to-X) capaz de informarnos de las condiciones de la carretera, localizaci\u00f3n del veh\u00edculo a trav\u00e9s de la aplicaci\u00f3n para el tel\u00e9fono (o el\u00a0<em>smartwatch<\/em>) o una alerta en caso de que nuestro veh\u00edculo haya sido\u00a0<strong>golpeado mientras est\u00e1 aparcado<\/strong>.<\/p>\n<p>El sistema tambi\u00e9n muestra, por ejemplo, nuestras citas de la agenda (incluso la hora a la que debemos salir hacia el destino para llegar a tiempo, teniendo en cuenta el tr\u00e1fico), los precios de la gasolina en las diferentes gasolineras de la ruta o la disponibilidad de plazas de aparcamiento cerca de nuestro destino. Adem\u00e1s todos los veh\u00edculos fabricados en 2016 y 2017 soportan\u00a0<strong>Google Home<\/strong>\u00a0y\u00a0<strong>Amazon Alexa<\/strong>\u00a0en Estados Unidos, Reino Unido y Alemania.<\/p>\n<p>Adem\u00e1s, utilizando\u00a0<strong>funciones predictivas<\/strong>, el sistema puede sugerirte un destino habitual (la oficina por la ma\u00f1ana, de lunes a viernes), la emisora de radio que suelas escuchar o el n\u00famero de tel\u00e9fono al que acostumbres a llamar ciertos d\u00edas a ciertas horas.<\/p>\n<div class=\"article-asset-image article-asset-large\">\n<div class=\"asset-content\"><img decoding=\"async\" class=\"centro_sinmarco\" src=\"https:\/\/i.blogs.es\/c54855\/17c850_34\/450_1000.jpg\" srcset=\"https:\/\/i.blogs.es\/c54855\/17c850_34\/450_1000.jpg 450w, https:\/\/i.blogs.es\/c54855\/17c850_34\/650_1200.jpg 681w, https:\/\/i.blogs.es\/c54855\/17c850_34\/1024_2000.jpg 1024w, https:\/\/i.blogs.es\/c54855\/17c850_34\/1366_2000.jpg 1366w\" alt=\"Mercedes-Benz presenta su nuevo sistema multimedia en el CES 2018, y lo estrenar\u00e1 el nuevo Clase A\" data-sf-srcset=\"https:\/\/i.blogs.es\/c54855\/17c850_34\/450_1000.jpg 450w, https:\/\/i.blogs.es\/c54855\/17c850_34\/650_1200.jpg 681w, https:\/\/i.blogs.es\/c54855\/17c850_34\/1024_2000.jpg 1024w, https:\/\/i.blogs.es\/c54855\/17c850_34\/1366_2000.jpg 1366w\" data-sf-src=\"https:\/\/i.blogs.es\/c54855\/17c850_34\/450_1000.jpg\" \/><\/div>\n<\/div>\n<div class=\"article-asset-image article-asset-large\">\n<div class=\"asset-content\"><img decoding=\"async\" class=\"centro_sinmarco\" src=\"https:\/\/i.blogs.es\/a0eee3\/17c850_25\/450_1000.jpg\" srcset=\"https:\/\/i.blogs.es\/a0eee3\/17c850_25\/450_1000.jpg 450w, https:\/\/i.blogs.es\/a0eee3\/17c850_25\/650_1200.jpg 681w, https:\/\/i.blogs.es\/a0eee3\/17c850_25\/1024_2000.jpg 1024w, https:\/\/i.blogs.es\/a0eee3\/17c850_25\/1366_2000.jpg 1366w\" alt=\"Mercedes-Benz presenta su nuevo sistema multimedia en el CES 2018, y lo estrenar\u00e1 el nuevo Clase A\" data-sf-srcset=\"https:\/\/i.blogs.es\/a0eee3\/17c850_25\/450_1000.jpg 450w, https:\/\/i.blogs.es\/a0eee3\/17c850_25\/650_1200.jpg 681w, https:\/\/i.blogs.es\/a0eee3\/17c850_25\/1024_2000.jpg 1024w, https:\/\/i.blogs.es\/a0eee3\/17c850_25\/1366_2000.jpg 1366w\" data-sf-src=\"https:\/\/i.blogs.es\/a0eee3\/17c850_25\/450_1000.jpg\" \/><\/div>\n<\/div>\n<p>Otra nueva funci\u00f3n es la de\u00a0<strong>realidad aumentada<\/strong>, capaz de utilizar una imagen del entorno (tomada por las c\u00e1maras del veh\u00edculo) para mostrar informaci\u00f3n relevante en las pantallas como los n\u00fameros de las casas o flechas para indicarte d\u00f3nde debes girar para llegar al destino.<\/p>","protected":false},"excerpt":{"rendered":"<p>Lo que la propia marca denomina una \u00abrevoluci\u00f3n en el habit\u00e1culo\u00bb se llama\u00a0MBUX\u00a0(Mercedes-Benz User Experience) y se trata de un\u00a0sistema multimedia de nueva generaci\u00f3n\u00a0para los modelos de la marca alemana, que estrenar\u00e1 primero la familia de compactos, empezando por el\u00a0Clase A 2018. Entre las novedades m\u00e1s interesantes de este nuevo sistema de infoentretenimiento destacan la [&hellip;]<\/p>","protected":false},"author":2,"featured_media":3129,"comment_status":"closed","ping_status":"open","sticky":false,"template":"","format":"standard","meta":{"_monsterinsights_skip_tracking":false,"_monsterinsights_sitenote_active":false,"_monsterinsights_sitenote_note":"","_monsterinsights_sitenote_category":0,"footnotes":""},"categories":[32,10,8,29,9],"tags":[],"yoast_head":"<!-- This site is optimized with the Yoast SEO plugin v22.4 - https:\/\/yoast.com\/wordpress\/plugins\/seo\/ -->\n<title>Mercedes-Benz presenta su nuevo sistema multimedia en el CES 2018, y lo estrenar\u00e1 el nuevo Clase A - DHITELfon<\/title>\n<meta name=\"description\" content=\"Mercedes-Benz presenta su nuevo sistema multimedia en el CES 2018, y lo estrenar\u00e1 el nuevo Clase A\" \/>\n<meta name=\"robots\" content=\"index, follow, max-snippet:-1, max-image-preview:large, max-video-preview:-1\" \/>\n<link rel=\"canonical\" href=\"https:\/\/dhitelfon.com\/en\/mercedes-benz-presenta-su-nuevo-sistema-multimedia-en-el-ces-2018-y-lo-estrenara-el-nuevo-clase\/\" \/>\n<meta property=\"og:locale\" content=\"en_GB\" \/>\n<meta property=\"og:type\" content=\"article\" \/>\n<meta property=\"og:title\" content=\"Mercedes-Benz presenta su nuevo sistema multimedia en el CES 2018, y lo estrenar\u00e1 el nuevo Clase A - DHITELfon\" \/>\n<meta property=\"og:description\" content=\"Mercedes-Benz presenta su nuevo sistema multimedia en el CES 2018, y lo estrenar\u00e1 el nuevo Clase A\" \/>\n<meta property=\"og:url\" content=\"https:\/\/dhitelfon.com\/en\/mercedes-benz-presenta-su-nuevo-sistema-multimedia-en-el-ces-2018-y-lo-estrenara-el-nuevo-clase\/\" \/>\n<meta property=\"og:site_name\" content=\"DHITELfon\" \/>\n<meta property=\"article:published_time\" content=\"2018-03-16T18:54:29+00:00\" \/>\n<meta property=\"og:image\" content=\"https:\/\/dhitelfon.com\/wp-content\/uploads\/2018\/03\/1366_20003.jpg\" \/>\n\t<meta property=\"og:image:width\" content=\"1334\" \/>\n\t<meta property=\"og:image:height\" content=\"1000\" \/>\n\t<meta property=\"og:image:type\" content=\"image\/jpeg\" \/>\n<meta name=\"author\" content=\"Dhitelfon\" \/>\n<meta name=\"twitter:card\" content=\"summary_large_image\" \/>\n<meta name=\"twitter:label1\" content=\"Written by\" \/>\n\t<meta name=\"twitter:data1\" content=\"Dhitelfon\" \/>\n\t<meta name=\"twitter:label2\" content=\"Estimated reading time\" \/>\n\t<meta name=\"twitter:data2\" content=\"4 minutes\" \/>\n<script type=\"application\/ld+json\" class=\"yoast-schema-graph\">{\"@context\":\"https:\/\/schema.org\",\"@graph\":[{\"@type\":\"WebPage\",\"@id\":\"https:\/\/dhitelfon.com\/mercedes-benz-presenta-su-nuevo-sistema-multimedia-en-el-ces-2018-y-lo-estrenara-el-nuevo-clase\/\",\"url\":\"https:\/\/dhitelfon.com\/mercedes-benz-presenta-su-nuevo-sistema-multimedia-en-el-ces-2018-y-lo-estrenara-el-nuevo-clase\/\",\"name\":\"Mercedes-Benz presenta su nuevo sistema multimedia en el CES 2018, y lo estrenar\u00e1 el nuevo Clase A - DHITELfon\",\"isPartOf\":{\"@id\":\"https:\/\/dhitelfon.com\/#website\"},\"primaryImageOfPage\":{\"@id\":\"https:\/\/dhitelfon.com\/mercedes-benz-presenta-su-nuevo-sistema-multimedia-en-el-ces-2018-y-lo-estrenara-el-nuevo-clase\/#primaryimage\"},\"image\":{\"@id\":\"https:\/\/dhitelfon.com\/mercedes-benz-presenta-su-nuevo-sistema-multimedia-en-el-ces-2018-y-lo-estrenara-el-nuevo-clase\/#primaryimage\"},\"thumbnailUrl\":\"https:\/\/dhitelfon.com\/wp-content\/uploads\/2018\/03\/1366_20003.jpg\",\"datePublished\":\"2018-03-16T18:54:29+00:00\",\"dateModified\":\"2018-03-16T18:54:29+00:00\",\"author\":{\"@id\":\"https:\/\/dhitelfon.com\/#\/schema\/person\/a3af0a1b32d06c6e8f14a46114ea5509\"},\"description\":\"Mercedes-Benz presenta su nuevo sistema multimedia en el CES 2018, y lo estrenar\u00e1 el nuevo Clase A\",\"breadcrumb\":{\"@id\":\"https:\/\/dhitelfon.com\/mercedes-benz-presenta-su-nuevo-sistema-multimedia-en-el-ces-2018-y-lo-estrenara-el-nuevo-clase\/#breadcrumb\"},\"inLanguage\":\"en-GB\",\"potentialAction\":[{\"@type\":\"ReadAction\",\"target\":[\"https:\/\/dhitelfon.com\/mercedes-benz-presenta-su-nuevo-sistema-multimedia-en-el-ces-2018-y-lo-estrenara-el-nuevo-clase\/\"]}]},{\"@type\":\"ImageObject\",\"inLanguage\":\"en-GB\",\"@id\":\"https:\/\/dhitelfon.com\/mercedes-benz-presenta-su-nuevo-sistema-multimedia-en-el-ces-2018-y-lo-estrenara-el-nuevo-clase\/#primaryimage\",\"url\":\"https:\/\/dhitelfon.com\/wp-content\/uploads\/2018\/03\/1366_20003.jpg\",\"contentUrl\":\"https:\/\/dhitelfon.com\/wp-content\/uploads\/2018\/03\/1366_20003.jpg\",\"width\":1334,\"height\":1000,\"caption\":\"Mercedes-Benz presenta su nuevo sistema multimedia en el CES 2018, y lo estrenar\u00e1 el nuevo Clase A\"},{\"@type\":\"BreadcrumbList\",\"@id\":\"https:\/\/dhitelfon.com\/mercedes-benz-presenta-su-nuevo-sistema-multimedia-en-el-ces-2018-y-lo-estrenara-el-nuevo-clase\/#breadcrumb\",\"itemListElement\":[{\"@type\":\"ListItem\",\"position\":1,\"name\":\"Portada\",\"item\":\"https:\/\/dhitelfon.com\/\"},{\"@type\":\"ListItem\",\"position\":2,\"name\":\"Mercedes-Benz presenta su nuevo sistema multimedia en el CES 2018, y lo estrenar\u00e1 el nuevo Clase A\"}]},{\"@type\":\"WebSite\",\"@id\":\"https:\/\/dhitelfon.com\/#website\",\"url\":\"https:\/\/dhitelfon.com\/\",\"name\":\"DHITELfon\",\"description\":\"20 a\u00f1os de experiencia en el sector de comunicaciones, car audio, sistemas de seguridad para el autom\u00f3vil, sistemas de entretenimiento para el veh\u00edculo como tambi\u00e9n mayoristas de las mejores marcas. Centro instalador con taller propio\",\"potentialAction\":[{\"@type\":\"SearchAction\",\"target\":{\"@type\":\"EntryPoint\",\"urlTemplate\":\"https:\/\/dhitelfon.com\/?s={search_term_string}\"},\"query-input\":\"required name=search_term_string\"}],\"inLanguage\":\"en-GB\"},{\"@type\":\"Person\",\"@id\":\"https:\/\/dhitelfon.com\/#\/schema\/person\/a3af0a1b32d06c6e8f14a46114ea5509\",\"name\":\"Dhitelfon\",\"image\":{\"@type\":\"ImageObject\",\"inLanguage\":\"en-GB\",\"@id\":\"https:\/\/dhitelfon.com\/#\/schema\/person\/image\/\",\"url\":\"https:\/\/secure.gravatar.com\/avatar\/0107775308edc8de8d97206ddaa5c1bb?s=96&d=mm&r=g\",\"contentUrl\":\"https:\/\/secure.gravatar.com\/avatar\/0107775308edc8de8d97206ddaa5c1bb?s=96&d=mm&r=g\",\"caption\":\"Dhitelfon\"},\"sameAs\":[\"http:\/\/dhitelfon.com\"],\"url\":\"https:\/\/dhitelfon.com\/en\/author\/dhitelfon\/\"}]}<\/script>\n<!-- \/ Yoast SEO plugin. -->","yoast_head_json":{"title":"Mercedes-Benz presenta su nuevo sistema multimedia en el CES 2018, y lo estrenar\u00e1 el nuevo Clase A - DHITELfon","description":"Mercedes-Benz presenta su nuevo sistema multimedia en el CES 2018, y lo estrenar\u00e1 el nuevo Clase A","robots":{"index":"index","follow":"follow","max-snippet":"max-snippet:-1","max-image-preview":"max-image-preview:large","max-video-preview":"max-video-preview:-1"},"canonical":"https:\/\/dhitelfon.com\/en\/mercedes-benz-presenta-su-nuevo-sistema-multimedia-en-el-ces-2018-y-lo-estrenara-el-nuevo-clase\/","og_locale":"en_GB","og_type":"article","og_title":"Mercedes-Benz presenta su nuevo sistema multimedia en el CES 2018, y lo estrenar\u00e1 el nuevo Clase A - DHITELfon","og_description":"Mercedes-Benz presenta su nuevo sistema multimedia en el CES 2018, y lo estrenar\u00e1 el nuevo Clase A","og_url":"https:\/\/dhitelfon.com\/en\/mercedes-benz-presenta-su-nuevo-sistema-multimedia-en-el-ces-2018-y-lo-estrenara-el-nuevo-clase\/","og_site_name":"DHITELfon","article_published_time":"2018-03-16T18:54:29+00:00","og_image":[{"width":1334,"height":1000,"url":"https:\/\/dhitelfon.com\/wp-content\/uploads\/2018\/03\/1366_20003.jpg","type":"image\/jpeg"}],"author":"Dhitelfon","twitter_card":"summary_large_image","twitter_misc":{"Written by":"Dhitelfon","Estimated reading time":"4 minutes"},"schema":{"@context":"https:\/\/schema.org","@graph":[{"@type":"WebPage","@id":"https:\/\/dhitelfon.com\/mercedes-benz-presenta-su-nuevo-sistema-multimedia-en-el-ces-2018-y-lo-estrenara-el-nuevo-clase\/","url":"https:\/\/dhitelfon.com\/mercedes-benz-presenta-su-nuevo-sistema-multimedia-en-el-ces-2018-y-lo-estrenara-el-nuevo-clase\/","name":"Mercedes-Benz presenta su nuevo sistema multimedia en el CES 2018, y lo estrenar\u00e1 el nuevo Clase A - DHITELfon","isPartOf":{"@id":"https:\/\/dhitelfon.com\/#website"},"primaryImageOfPage":{"@id":"https:\/\/dhitelfon.com\/mercedes-benz-presenta-su-nuevo-sistema-multimedia-en-el-ces-2018-y-lo-estrenara-el-nuevo-clase\/#primaryimage"},"image":{"@id":"https:\/\/dhitelfon.com\/mercedes-benz-presenta-su-nuevo-sistema-multimedia-en-el-ces-2018-y-lo-estrenara-el-nuevo-clase\/#primaryimage"},"thumbnailUrl":"https:\/\/dhitelfon.com\/wp-content\/uploads\/2018\/03\/1366_20003.jpg","datePublished":"2018-03-16T18:54:29+00:00","dateModified":"2018-03-16T18:54:29+00:00","author":{"@id":"https:\/\/dhitelfon.com\/#\/schema\/person\/a3af0a1b32d06c6e8f14a46114ea5509"},"description":"Mercedes-Benz presenta su nuevo sistema multimedia en el CES 2018, y lo estrenar\u00e1 el nuevo Clase A","breadcrumb":{"@id":"https:\/\/dhitelfon.com\/mercedes-benz-presenta-su-nuevo-sistema-multimedia-en-el-ces-2018-y-lo-estrenara-el-nuevo-clase\/#breadcrumb"},"inLanguage":"en-GB","potentialAction":[{"@type":"ReadAction","target":["https:\/\/dhitelfon.com\/mercedes-benz-presenta-su-nuevo-sistema-multimedia-en-el-ces-2018-y-lo-estrenara-el-nuevo-clase\/"]}]},{"@type":"ImageObject","inLanguage":"en-GB","@id":"https:\/\/dhitelfon.com\/mercedes-benz-presenta-su-nuevo-sistema-multimedia-en-el-ces-2018-y-lo-estrenara-el-nuevo-clase\/#primaryimage","url":"https:\/\/dhitelfon.com\/wp-content\/uploads\/2018\/03\/1366_20003.jpg","contentUrl":"https:\/\/dhitelfon.com\/wp-content\/uploads\/2018\/03\/1366_20003.jpg","width":1334,"height":1000,"caption":"Mercedes-Benz presenta su nuevo sistema multimedia en el CES 2018, y lo estrenar\u00e1 el nuevo Clase A"},{"@type":"BreadcrumbList","@id":"https:\/\/dhitelfon.com\/mercedes-benz-presenta-su-nuevo-sistema-multimedia-en-el-ces-2018-y-lo-estrenara-el-nuevo-clase\/#breadcrumb","itemListElement":[{"@type":"ListItem","position":1,"name":"Portada","item":"https:\/\/dhitelfon.com\/"},{"@type":"ListItem","position":2,"name":"Mercedes-Benz presenta su nuevo sistema multimedia en el CES 2018, y lo estrenar\u00e1 el nuevo Clase A"}]},{"@type":"WebSite","@id":"https:\/\/dhitelfon.com\/#website","url":"https:\/\/dhitelfon.com\/","name":"DHITELfon","description":"20 a\u00f1os de experiencia en el sector de comunicaciones, car audio, sistemas de seguridad para el autom\u00f3vil, sistemas de entretenimiento para el veh\u00edculo como tambi\u00e9n mayoristas de las mejores marcas. Centro instalador con taller propio","potentialAction":[{"@type":"SearchAction","target":{"@type":"EntryPoint","urlTemplate":"https:\/\/dhitelfon.com\/?s={search_term_string}"},"query-input":"required name=search_term_string"}],"inLanguage":"en-GB"},{"@type":"Person","@id":"https:\/\/dhitelfon.com\/#\/schema\/person\/a3af0a1b32d06c6e8f14a46114ea5509","name":"Dhitelfon","image":{"@type":"ImageObject","inLanguage":"en-GB","@id":"https:\/\/dhitelfon.com\/#\/schema\/person\/image\/","url":"https:\/\/secure.gravatar.com\/avatar\/0107775308edc8de8d97206ddaa5c1bb?s=96&d=mm&r=g","contentUrl":"https:\/\/secure.gravatar.com\/avatar\/0107775308edc8de8d97206ddaa5c1bb?s=96&d=mm&r=g","caption":"Dhitelfon"},"sameAs":["http:\/\/dhitelfon.com"],"url":"https:\/\/dhitelfon.com\/en\/author\/dhitelfon\/"}]}},"_links":{"self":[{"href":"https:\/\/dhitelfon.com\/en\/wp-json\/wp\/v2\/posts\/3128"}],"collection":[{"href":"https:\/\/dhitelfon.com\/en\/wp-json\/wp\/v2\/posts"}],"about":[{"href":"https:\/\/dhitelfon.com\/en\/wp-json\/wp\/v2\/types\/post"}],"author":[{"embeddable":true,"href":"https:\/\/dhitelfon.com\/en\/wp-json\/wp\/v2\/users\/2"}],"replies":[{"embeddable":true,"href":"https:\/\/dhitelfon.com\/en\/wp-json\/wp\/v2\/comments?post=3128"}],"version-history":[{"count":1,"href":"https:\/\/dhitelfon.com\/en\/wp-json\/wp\/v2\/posts\/3128\/revisions"}],"predecessor-version":[{"id":3130,"href":"https:\/\/dhitelfon.com\/en\/wp-json\/wp\/v2\/posts\/3128\/revisions\/3130"}],"wp:featuredmedia":[{"embeddable":true,"href":"https:\/\/dhitelfon.com\/en\/wp-json\/wp\/v2\/media\/3129"}],"wp:attachment":[{"href":"https:\/\/dhitelfon.com\/en\/wp-json\/wp\/v2\/media?parent=3128"}],"wp:term":[{"taxonomy":"category","embeddable":true,"href":"https:\/\/dhitelfon.com\/en\/wp-json\/wp\/v2\/categories?post=3128"},{"taxonomy":"post_tag","embeddable":true,"href":"https:\/\/dhitelfon.com\/en\/wp-json\/wp\/v2\/tags?post=3128"}],"curies":[{"name":"wp","href":"https:\/\/api.w.org\/{rel}","templated":true}]}}