{"id":1321,"date":"2017-10-25T08:16:31","date_gmt":"2017-10-25T07:16:31","guid":{"rendered":"http:\/\/dhitelfon.com\/?p=1321"},"modified":"2017-10-26T08:04:19","modified_gmt":"2017-10-26T07:04:19","slug":"francia-comienza-usar-coches-privados-como-radares-moviles","status":"publish","type":"post","link":"https:\/\/dhitelfon.com\/en\/francia-comienza-usar-coches-privados-como-radares-moviles\/","title":{"rendered":"Francia comienza a usar coches privados como radares m\u00f3viles"},"content":{"rendered":"<p>Se buscan conductores para \u2018ser\u2019 radares m\u00f3viles. Esta oferta hubiera sido una quimera hace unos a\u00f1os, pero la privatizaci\u00f3n de los controles de velocidad es un hecho en Francia.<\/p>\n<figure id=\"attachment_1322\" aria-describedby=\"caption-attachment-1322\" style=\"width: 333px\" class=\"wp-caption aligncenter\"><a href=\"http:\/\/dhitelfon.com\/wp-content\/uploads\/2017\/10\/img_4927.jpg\"><img fetchpriority=\"high\" decoding=\"async\" class=\"size-full wp-image-1322\" src=\"http:\/\/dhitelfon.com\/wp-content\/uploads\/2017\/10\/img_4927.jpg\" alt=\"Francia comienza a usar coches privados como radares m\u00f3viles\" width=\"333\" height=\"197\" srcset=\"https:\/\/dhitelfon.com\/wp-content\/uploads\/2017\/10\/img_4927.jpg 333w, https:\/\/dhitelfon.com\/wp-content\/uploads\/2017\/10\/img_4927-300x177.jpg 300w\" sizes=\"(max-width: 333px) 100vw, 333px\" \/><\/a><figcaption id=\"caption-attachment-1322\" class=\"wp-caption-text\">Francia comienza a usar coches privados como radares m\u00f3viles<\/figcaption><\/figure>\n<div id=\"TEXTO_NOTICIA\" class=\"TEXTO_PARRAFO\">\n<p>A partir de noviembre, 26 coches privados sustituir\u00e1n a los veh\u00edculos operados por la Gendarmer\u00eda Nacional francesa, pero el objetivo es llegar a los 400. \u201cSer\u00e1n todav\u00eda m\u00e1s indetectables\u201d, afirman las asociaciones de automovilistas franceses. Los primeros radares privados operar\u00e1n en la regi\u00f3n de Normand\u00eda, donde se han efectuado pruebas desde febrero.<br \/>\nSeg\u00fan el ministro de Interior franc\u00e9s G\u00e9rard Collomb, con esta externalizaci\u00f3n se \u201creorientar\u00e1n las labores de la polic\u00eda hacia misiones de seguridad\u201d. Los automovilistas no se han cre\u00eddo esta justificaci\u00f3n y varias asociaciones han denunciado que esta privatizaci\u00f3n tiene efectos recaudatorios.<br \/>\nSeg\u00fan la revista gala Autoplus, el Gobierno franc\u00e9s pretende pasar de dos millones de euros a ocho de recaudaci\u00f3n anual. Esto reportar\u00eda a las arcas p\u00fablicas galas 357 millones de euros. \u00bfC\u00f3mo se consigue este aumento? En la actualidad, los agentes patrullan con el radar una media diaria de 1 hora y 13 minutos. Con el nuevo sistema la vigilancia efectiva se multiplicar\u00eda hasta las seis horas por d\u00eda. El gabinete de Emmanuel Macron prev\u00e9 invertir 53 millones de euros y alcanzar una rentabilidad del 82% cuando el sistema est\u00e9 plenamente implantado.<\/p>\n<p>&nbsp;<\/p>\n<p><strong>Particularidades del servicio<\/strong><br \/>\nSeg\u00fan explica el Gorbierno franc\u00e9s, el particular que utilice su coche como radar m\u00f3vil no sabr\u00e1 en ning\u00fan momento cu\u00e1ntos veh\u00edculos han sido \u2018cazados\u2019. Tampoco podr\u00e1 desviarse de su ruta, de lo contrario su compa\u00f1\u00eda ser\u00e1 penalizada. Seg\u00fan el Ministerio de Interior, este proceso generar\u00e1 1.000 puestos de trabajo. S\u00f3lo habr\u00e1 un conductor a bordo de los veh\u00edculos, a diferencia de la pareja de gendarmes que trabaja en los modelos actuales.<\/p>\n<\/div>\n<div class=\"BANNERS BANNERS-TOP\"><\/div>\n<div class=\"floatbreaker\"><\/div>\n<div class=\"floatbreaker\"><\/div>\n<p style=\"text-align: right;\">","protected":false},"excerpt":{"rendered":"<p>Se buscan conductores para \u2018ser\u2019 radares m\u00f3viles. Esta oferta hubiera sido una quimera hace unos a\u00f1os, pero la privatizaci\u00f3n de los controles de velocidad es un hecho en Francia. A partir de noviembre, 26 coches privados sustituir\u00e1n a los veh\u00edculos operados por la Gendarmer\u00eda Nacional francesa, pero el objetivo es llegar a los 400. \u201cSer\u00e1n [&hellip;]<\/p>","protected":false},"author":2,"featured_media":1322,"comment_status":"open","ping_status":"open","sticky":false,"template":"","format":"standard","meta":{"_monsterinsights_skip_tracking":false,"_monsterinsights_sitenote_active":false,"_monsterinsights_sitenote_note":"","_monsterinsights_sitenote_category":0,"footnotes":""},"categories":[11,35,16,1,31,30,9],"tags":[],"yoast_head":"<!-- This site is optimized with the Yoast SEO plugin v22.4 - https:\/\/yoast.com\/wordpress\/plugins\/seo\/ -->\n<title>Francia comienza a usar coches privados como radares m\u00f3viles - DHITELfon<\/title>\n<meta name=\"description\" content=\"Francia comienza a usar coches privados como radares m\u00f3viles\" \/>\n<meta name=\"robots\" content=\"index, follow, max-snippet:-1, max-image-preview:large, max-video-preview:-1\" \/>\n<link rel=\"canonical\" href=\"https:\/\/dhitelfon.com\/en\/francia-comienza-usar-coches-privados-como-radares-moviles\/\" \/>\n<meta property=\"og:locale\" content=\"en_GB\" \/>\n<meta property=\"og:type\" content=\"article\" \/>\n<meta property=\"og:title\" content=\"Francia comienza a usar coches privados como radares m\u00f3viles - DHITELfon\" \/>\n<meta property=\"og:description\" content=\"Francia comienza a usar coches privados como radares m\u00f3viles\" \/>\n<meta property=\"og:url\" content=\"https:\/\/dhitelfon.com\/en\/francia-comienza-usar-coches-privados-como-radares-moviles\/\" \/>\n<meta property=\"og:site_name\" content=\"DHITELfon\" \/>\n<meta property=\"article:published_time\" content=\"2017-10-25T07:16:31+00:00\" \/>\n<meta property=\"article:modified_time\" content=\"2017-10-26T07:04:19+00:00\" \/>\n<meta property=\"og:image\" content=\"https:\/\/dhitelfon.com\/wp-content\/uploads\/2017\/10\/img_4927.jpg\" \/>\n\t<meta property=\"og:image:width\" content=\"333\" \/>\n\t<meta property=\"og:image:height\" content=\"197\" \/>\n\t<meta property=\"og:image:type\" content=\"image\/jpeg\" \/>\n<meta name=\"author\" content=\"Dhitelfon\" \/>\n<meta name=\"twitter:card\" content=\"summary_large_image\" \/>\n<meta name=\"twitter:label1\" content=\"Written by\" \/>\n\t<meta name=\"twitter:data1\" content=\"Dhitelfon\" \/>\n\t<meta name=\"twitter:label2\" content=\"Estimated reading time\" \/>\n\t<meta name=\"twitter:data2\" content=\"2 minutes\" \/>\n<script type=\"application\/ld+json\" class=\"yoast-schema-graph\">{\"@context\":\"https:\/\/schema.org\",\"@graph\":[{\"@type\":\"WebPage\",\"@id\":\"https:\/\/dhitelfon.com\/francia-comienza-usar-coches-privados-como-radares-moviles\/\",\"url\":\"https:\/\/dhitelfon.com\/francia-comienza-usar-coches-privados-como-radares-moviles\/\",\"name\":\"Francia comienza a usar coches privados como radares m\u00f3viles - DHITELfon\",\"isPartOf\":{\"@id\":\"https:\/\/dhitelfon.com\/#website\"},\"primaryImageOfPage\":{\"@id\":\"https:\/\/dhitelfon.com\/francia-comienza-usar-coches-privados-como-radares-moviles\/#primaryimage\"},\"image\":{\"@id\":\"https:\/\/dhitelfon.com\/francia-comienza-usar-coches-privados-como-radares-moviles\/#primaryimage\"},\"thumbnailUrl\":\"https:\/\/dhitelfon.com\/wp-content\/uploads\/2017\/10\/img_4927.jpg\",\"datePublished\":\"2017-10-25T07:16:31+00:00\",\"dateModified\":\"2017-10-26T07:04:19+00:00\",\"author\":{\"@id\":\"https:\/\/dhitelfon.com\/#\/schema\/person\/a3af0a1b32d06c6e8f14a46114ea5509\"},\"description\":\"Francia comienza a usar coches privados como radares m\u00f3viles\",\"breadcrumb\":{\"@id\":\"https:\/\/dhitelfon.com\/francia-comienza-usar-coches-privados-como-radares-moviles\/#breadcrumb\"},\"inLanguage\":\"en-GB\",\"potentialAction\":[{\"@type\":\"ReadAction\",\"target\":[\"https:\/\/dhitelfon.com\/francia-comienza-usar-coches-privados-como-radares-moviles\/\"]}]},{\"@type\":\"ImageObject\",\"inLanguage\":\"en-GB\",\"@id\":\"https:\/\/dhitelfon.com\/francia-comienza-usar-coches-privados-como-radares-moviles\/#primaryimage\",\"url\":\"https:\/\/dhitelfon.com\/wp-content\/uploads\/2017\/10\/img_4927.jpg\",\"contentUrl\":\"https:\/\/dhitelfon.com\/wp-content\/uploads\/2017\/10\/img_4927.jpg\",\"width\":333,\"height\":197,\"caption\":\"Francia comienza a usar coches privados como radares m\u00f3viles\"},{\"@type\":\"BreadcrumbList\",\"@id\":\"https:\/\/dhitelfon.com\/francia-comienza-usar-coches-privados-como-radares-moviles\/#breadcrumb\",\"itemListElement\":[{\"@type\":\"ListItem\",\"position\":1,\"name\":\"Portada\",\"item\":\"https:\/\/dhitelfon.com\/\"},{\"@type\":\"ListItem\",\"position\":2,\"name\":\"Francia comienza a usar coches privados como radares m\u00f3viles\"}]},{\"@type\":\"WebSite\",\"@id\":\"https:\/\/dhitelfon.com\/#website\",\"url\":\"https:\/\/dhitelfon.com\/\",\"name\":\"DHITELfon\",\"description\":\"20 a\u00f1os de experiencia en el sector de comunicaciones, car audio, sistemas de seguridad para el autom\u00f3vil, sistemas de entretenimiento para el veh\u00edculo como tambi\u00e9n mayoristas de las mejores marcas. Centro instalador con taller propio\",\"potentialAction\":[{\"@type\":\"SearchAction\",\"target\":{\"@type\":\"EntryPoint\",\"urlTemplate\":\"https:\/\/dhitelfon.com\/?s={search_term_string}\"},\"query-input\":\"required name=search_term_string\"}],\"inLanguage\":\"en-GB\"},{\"@type\":\"Person\",\"@id\":\"https:\/\/dhitelfon.com\/#\/schema\/person\/a3af0a1b32d06c6e8f14a46114ea5509\",\"name\":\"Dhitelfon\",\"image\":{\"@type\":\"ImageObject\",\"inLanguage\":\"en-GB\",\"@id\":\"https:\/\/dhitelfon.com\/#\/schema\/person\/image\/\",\"url\":\"https:\/\/secure.gravatar.com\/avatar\/0107775308edc8de8d97206ddaa5c1bb?s=96&d=mm&r=g\",\"contentUrl\":\"https:\/\/secure.gravatar.com\/avatar\/0107775308edc8de8d97206ddaa5c1bb?s=96&d=mm&r=g\",\"caption\":\"Dhitelfon\"},\"sameAs\":[\"http:\/\/dhitelfon.com\"],\"url\":\"https:\/\/dhitelfon.com\/en\/author\/dhitelfon\/\"}]}<\/script>\n<!-- \/ Yoast SEO plugin. -->","yoast_head_json":{"title":"Francia comienza a usar coches privados como radares m\u00f3viles - DHITELfon","description":"Francia comienza a usar coches privados como radares m\u00f3viles","robots":{"index":"index","follow":"follow","max-snippet":"max-snippet:-1","max-image-preview":"max-image-preview:large","max-video-preview":"max-video-preview:-1"},"canonical":"https:\/\/dhitelfon.com\/en\/francia-comienza-usar-coches-privados-como-radares-moviles\/","og_locale":"en_GB","og_type":"article","og_title":"Francia comienza a usar coches privados como radares m\u00f3viles - DHITELfon","og_description":"Francia comienza a usar coches privados como radares m\u00f3viles","og_url":"https:\/\/dhitelfon.com\/en\/francia-comienza-usar-coches-privados-como-radares-moviles\/","og_site_name":"DHITELfon","article_published_time":"2017-10-25T07:16:31+00:00","article_modified_time":"2017-10-26T07:04:19+00:00","og_image":[{"width":333,"height":197,"url":"https:\/\/dhitelfon.com\/wp-content\/uploads\/2017\/10\/img_4927.jpg","type":"image\/jpeg"}],"author":"Dhitelfon","twitter_card":"summary_large_image","twitter_misc":{"Written by":"Dhitelfon","Estimated reading time":"2 minutes"},"schema":{"@context":"https:\/\/schema.org","@graph":[{"@type":"WebPage","@id":"https:\/\/dhitelfon.com\/francia-comienza-usar-coches-privados-como-radares-moviles\/","url":"https:\/\/dhitelfon.com\/francia-comienza-usar-coches-privados-como-radares-moviles\/","name":"Francia comienza a usar coches privados como radares m\u00f3viles - DHITELfon","isPartOf":{"@id":"https:\/\/dhitelfon.com\/#website"},"primaryImageOfPage":{"@id":"https:\/\/dhitelfon.com\/francia-comienza-usar-coches-privados-como-radares-moviles\/#primaryimage"},"image":{"@id":"https:\/\/dhitelfon.com\/francia-comienza-usar-coches-privados-como-radares-moviles\/#primaryimage"},"thumbnailUrl":"https:\/\/dhitelfon.com\/wp-content\/uploads\/2017\/10\/img_4927.jpg","datePublished":"2017-10-25T07:16:31+00:00","dateModified":"2017-10-26T07:04:19+00:00","author":{"@id":"https:\/\/dhitelfon.com\/#\/schema\/person\/a3af0a1b32d06c6e8f14a46114ea5509"},"description":"Francia comienza a usar coches privados como radares m\u00f3viles","breadcrumb":{"@id":"https:\/\/dhitelfon.com\/francia-comienza-usar-coches-privados-como-radares-moviles\/#breadcrumb"},"inLanguage":"en-GB","potentialAction":[{"@type":"ReadAction","target":["https:\/\/dhitelfon.com\/francia-comienza-usar-coches-privados-como-radares-moviles\/"]}]},{"@type":"ImageObject","inLanguage":"en-GB","@id":"https:\/\/dhitelfon.com\/francia-comienza-usar-coches-privados-como-radares-moviles\/#primaryimage","url":"https:\/\/dhitelfon.com\/wp-content\/uploads\/2017\/10\/img_4927.jpg","contentUrl":"https:\/\/dhitelfon.com\/wp-content\/uploads\/2017\/10\/img_4927.jpg","width":333,"height":197,"caption":"Francia comienza a usar coches privados como radares m\u00f3viles"},{"@type":"BreadcrumbList","@id":"https:\/\/dhitelfon.com\/francia-comienza-usar-coches-privados-como-radares-moviles\/#breadcrumb","itemListElement":[{"@type":"ListItem","position":1,"name":"Portada","item":"https:\/\/dhitelfon.com\/"},{"@type":"ListItem","position":2,"name":"Francia comienza a usar coches privados como radares m\u00f3viles"}]},{"@type":"WebSite","@id":"https:\/\/dhitelfon.com\/#website","url":"https:\/\/dhitelfon.com\/","name":"DHITELfon","description":"20 a\u00f1os de experiencia en el sector de comunicaciones, car audio, sistemas de seguridad para el autom\u00f3vil, sistemas de entretenimiento para el veh\u00edculo como tambi\u00e9n mayoristas de las mejores marcas. Centro instalador con taller propio","potentialAction":[{"@type":"SearchAction","target":{"@type":"EntryPoint","urlTemplate":"https:\/\/dhitelfon.com\/?s={search_term_string}"},"query-input":"required name=search_term_string"}],"inLanguage":"en-GB"},{"@type":"Person","@id":"https:\/\/dhitelfon.com\/#\/schema\/person\/a3af0a1b32d06c6e8f14a46114ea5509","name":"Dhitelfon","image":{"@type":"ImageObject","inLanguage":"en-GB","@id":"https:\/\/dhitelfon.com\/#\/schema\/person\/image\/","url":"https:\/\/secure.gravatar.com\/avatar\/0107775308edc8de8d97206ddaa5c1bb?s=96&d=mm&r=g","contentUrl":"https:\/\/secure.gravatar.com\/avatar\/0107775308edc8de8d97206ddaa5c1bb?s=96&d=mm&r=g","caption":"Dhitelfon"},"sameAs":["http:\/\/dhitelfon.com"],"url":"https:\/\/dhitelfon.com\/en\/author\/dhitelfon\/"}]}},"_links":{"self":[{"href":"https:\/\/dhitelfon.com\/en\/wp-json\/wp\/v2\/posts\/1321"}],"collection":[{"href":"https:\/\/dhitelfon.com\/en\/wp-json\/wp\/v2\/posts"}],"about":[{"href":"https:\/\/dhitelfon.com\/en\/wp-json\/wp\/v2\/types\/post"}],"author":[{"embeddable":true,"href":"https:\/\/dhitelfon.com\/en\/wp-json\/wp\/v2\/users\/2"}],"replies":[{"embeddable":true,"href":"https:\/\/dhitelfon.com\/en\/wp-json\/wp\/v2\/comments?post=1321"}],"version-history":[{"count":1,"href":"https:\/\/dhitelfon.com\/en\/wp-json\/wp\/v2\/posts\/1321\/revisions"}],"predecessor-version":[{"id":1323,"href":"https:\/\/dhitelfon.com\/en\/wp-json\/wp\/v2\/posts\/1321\/revisions\/1323"}],"wp:featuredmedia":[{"embeddable":true,"href":"https:\/\/dhitelfon.com\/en\/wp-json\/wp\/v2\/media\/1322"}],"wp:attachment":[{"href":"https:\/\/dhitelfon.com\/en\/wp-json\/wp\/v2\/media?parent=1321"}],"wp:term":[{"taxonomy":"category","embeddable":true,"href":"https:\/\/dhitelfon.com\/en\/wp-json\/wp\/v2\/categories?post=1321"},{"taxonomy":"post_tag","embeddable":true,"href":"https:\/\/dhitelfon.com\/en\/wp-json\/wp\/v2\/tags?post=1321"}],"curies":[{"name":"wp","href":"https:\/\/api.w.org\/{rel}","templated":true}]}}